{"id":101493,"date":"2026-03-12T06:52:52","date_gmt":"2026-03-12T12:52:52","guid":{"rendered":"https:\/\/elinformante.mx\/?p=101493"},"modified":"2026-03-12T06:53:05","modified_gmt":"2026-03-12T12:53:05","slug":"realizan-en-cdmx-el-foro-mujeres-moviendo-la-ciudad","status":"publish","type":"post","link":"https:\/\/elinformante.mx\/?p=101493","title":{"rendered":"Realizan en CDMX el foro \u201cMujeres moviendo la Ciudad\u201d"},"content":{"rendered":"\n<figure class=\"wp-block-pullquote\"><blockquote><p>-SEMUJERES y RTP buscan escuchar a operadoras y trabajadoras de la Red de Transporte P\u00fablico.<\/p><\/blockquote><\/figure>\n\n\n\n<p class=\"has-drop-cap\">La Secretar\u00eda de las Mujeres de la Ciudad de M\u00e9xico y la Red de Transporte de Pasajeros de la Ciudad de M\u00e9xico (RTP) realizaron el Encuentro Interinstitucional \u201cMujeres Moviendo la Ciudad\u201d, dirigido a trabajadoras del transporte p\u00fablico y privado.<br><\/p>\n\n\n\n<p>La secretaria de las Mujeres, Daptnhe Cuevas Ortiz, destac\u00f3 que este espacio de discusi\u00f3n y de apertura con las operadoras servir\u00e1 \u201cpara que las experiencias previas permitan que los caminos se abran y m\u00e1s mujeres se vayan incorporando a la Red de Transporte P\u00fablico\u201d.<br><\/p>\n\n\n\n<p>Ante trabajadoras de los distintos organismos de movilidad de la Ciudad de M\u00e9xico, Cuevas Ortiz se\u00f1al\u00f3: \u201clas mujeres estamos en todos los espacios, en todas las disciplinas, en todas las secretar\u00edas, sin embargo, nuestra presencia en algunos espacios es peque\u00f1a y se tiene que ir ampliando\u201d.<br><\/p>\n\n\n\n<p>Subray\u00f3 la importancia del conversatorio, donde participaron operadoras del sistema p\u00fablico y privado, as\u00ed como trabajadoras de diversas \u00e1reas del Sistema de Transporte P\u00fablico.<br><\/p>\n\n\n\n<p>El foro se realiz\u00f3 con el objetivo de visibilizar, honrar y fortalecer a las mujeres trabajadoras del transporte p\u00fablico en la Ciudad de M\u00e9xico, quienes hablaron de sus experiencias al frente de volante y sus requerimientos para trabajar en mejores condiciones.<br><\/p>\n\n\n\n<p>Dijo a las trabajadoras del Metro, Metrob\u00fas, RTP, Troleb\u00fas, as\u00ed como a operadoras concesionarias que estos espacios de di\u00e1logo permiten que sean escuchadas sus propuestas y puedan ser aterrizadas en pol\u00edticas p\u00fablicas.<br><\/p>\n\n\n\n<p>La secretaria destac\u00f3 que la conmemoraci\u00f3n de esa fecha es una gran oportunidad para seguir hablando de nuestros derechos y libertades, de lo que estamos haciendo para ejercerlos de manera plena.<\/p>\n","protected":false},"excerpt":{"rendered":"<p>-SEMUJERES y RTP buscan escuchar a operadoras y trabajadoras de la Red de Transporte P\u00fablico. La Secretar\u00eda de las Mujeres de la Ciudad de M\u00e9xico y la Red de Transporte de Pasajeros de la Ciudad de M\u00e9xico (RTP) realizaron el Encuentro Interinstitucional \u201cMujeres Moviendo la Ciudad\u201d, dirigido a trabajadoras del transporte p\u00fablico y privado. La [&hellip;]<\/p>\n","protected":false},"author":1,"featured_media":101496,"comment_status":"closed","ping_status":"closed","sticky":false,"template":"","format":"standard","meta":{"footnotes":""},"categories":[35],"tags":[],"class_list":["post-101493","post","type-post","status-publish","format-standard","has-post-thumbnail","hentry","category-cdmx"],"_links":{"self":[{"href":"https:\/\/elinformante.mx\/index.php?rest_route=\/wp\/v2\/posts\/101493","targetHints":{"allow":["GET"]}}],"collection":[{"href":"https:\/\/elinformante.mx\/index.php?rest_route=\/wp\/v2\/posts"}],"about":[{"href":"https:\/\/elinformante.mx\/index.php?rest_route=\/wp\/v2\/types\/post"}],"author":[{"embeddable":true,"href":"https:\/\/elinformante.mx\/index.php?rest_route=\/wp\/v2\/users\/1"}],"replies":[{"embeddable":true,"href":"https:\/\/elinformante.mx\/index.php?rest_route=%2Fwp%2Fv2%2Fcomments&post=101493"}],"version-history":[{"count":0,"href":"https:\/\/elinformante.mx\/index.php?rest_route=\/wp\/v2\/posts\/101493\/revisions"}],"wp:featuredmedia":[{"embeddable":true,"href":"https:\/\/elinformante.mx\/index.php?rest_route=\/wp\/v2\/media\/101496"}],"wp:attachment":[{"href":"https:\/\/elinformante.mx\/index.php?rest_route=%2Fwp%2Fv2%2Fmedia&parent=101493"}],"wp:term":[{"taxonomy":"category","embeddable":true,"href":"https:\/\/elinformante.mx\/index.php?rest_route=%2Fwp%2Fv2%2Fcategories&post=101493"},{"taxonomy":"post_tag","embeddable":true,"href":"https:\/\/elinformante.mx\/index.php?rest_route=%2Fwp%2Fv2%2Ftags&post=101493"}],"curies":[{"name":"wp","href":"https:\/\/api.w.org\/{rel}","templated":true}]}}