{"id":101495,"date":"2026-03-12T06:54:58","date_gmt":"2026-03-12T12:54:58","guid":{"rendered":"https:\/\/elinformante.mx\/?p=101495"},"modified":"2026-03-12T06:56:20","modified_gmt":"2026-03-12T12:56:20","slug":"enciende-clara-bugada-mosaicos-luminosos-en-el-zocalo","status":"publish","type":"post","link":"https:\/\/elinformante.mx\/?p=101495","title":{"rendered":"Enciende Clara Brugada mosaicos luminosos en el Z\u00f3calo"},"content":{"rendered":"\n<figure class=\"wp-block-pullquote\"><blockquote><p>-La CDMX avanza en la construcci\u00f3n de una ciudad feminista con pol\u00edticas orientadas a garantizar la igualdad y ejercicio de los derechos de las mujeres.<\/p><\/blockquote><\/figure>\n\n\n\n<p class=\"has-drop-cap\">La Jefa de Gobierno, Clara Brugada Molina, encabez\u00f3 el encendido del alumbrado monumental del Z\u00f3calo de la Ciudad de M\u00e9xico con motivo del reconocimiento a la lucha hist\u00f3rica de las mujeres y a las conquistas que han alcanzado en materia de derechos e igualdad.<br><\/p>\n\n\n\n<p>Durante este evento, dos grandes mosaicos iluminaron esta noche la plancha del Z\u00f3calo; el primero de ellos se localiza en el cruce de Av. 20 de Noviembre esquina con el circuito de la Plaza de la Constituci\u00f3n, y en el que se lee el mensaje \u201cEs tiempo de mujeres\u201d.<br><\/p>\n\n\n\n<p>Un segundo mosaico se instal\u00f3 en la fachada del edificio del Congreso, frente a Palacio Nacional, con la leyenda \u201cRevoluci\u00f3n de los Cuidados\u201d.<br><\/p>\n\n\n\n<p>Durante el acto realizado en la Plaza de la Constituci\u00f3n, la mandataria capitalina destac\u00f3 que este espacio, considerado el coraz\u00f3n hist\u00f3rico, pol\u00edtico y simb\u00f3lico de M\u00e9xico, ha sido escenario de grandes acontecimientos nacionales y tambi\u00e9n de movilizaciones sociales que han marcado la historia del pa\u00eds, entre ellas las manifestaciones de mujeres que han exigido igualdad, justicia y una vida libre de violencia.<br><\/p>\n\n\n\n<figure class=\"wp-block-image size-large\"><img fetchpriority=\"high\" decoding=\"async\" width=\"1024\" height=\"506\" src=\"https:\/\/elinformante.mx\/wp-content\/uploads\/2026\/03\/5clara-5-1024x506.jpeg\" alt=\"\" class=\"wp-image-101499\" srcset=\"https:\/\/elinformante.mx\/wp-content\/uploads\/2026\/03\/5clara-5-1024x506.jpeg 1024w, https:\/\/elinformante.mx\/wp-content\/uploads\/2026\/03\/5clara-5-300x148.jpeg 300w, https:\/\/elinformante.mx\/wp-content\/uploads\/2026\/03\/5clara-5-768x379.jpeg 768w, https:\/\/elinformante.mx\/wp-content\/uploads\/2026\/03\/5clara-5.jpeg 1140w\" sizes=\"(max-width: 1024px) 100vw, 1024px\" \/><\/figure>\n\n\n\n<p>Anunci\u00f3 que, a partir de ahora, el Z\u00f3calo capitalino se iluminar\u00e1 cada mes de marzo para reconocer y visibilizar la lucha de generaciones de mujeres que han abierto camino hacia una sociedad m\u00e1s justa e igualitaria.<br><\/p>\n\n\n\n<p>Reiter\u00f3 que la capital del pa\u00eds avanza en la construcci\u00f3n de una ciudad feminista mediante pol\u00edticas p\u00fablicas orientadas a garantizar la igualdad sustantiva y el pleno ejercicio de los derechos de las mujeres.<br><\/p>\n\n\n\n<p>En ese sentido, destac\u00f3 la implementaci\u00f3n del primer sistema p\u00fablico de cuidados del pa\u00eds, una estrategia que busca reconocer, redistribuir y reducir el trabajo de cuidados.<br><\/p>\n\n\n\n<p>Asimismo, reafirm\u00f3 el compromiso de su administraci\u00f3n para erradicar la violencia de g\u00e9nero y garantizar que mujeres y ni\u00f1as puedan vivir con libertad y seguridad.<br><\/p>\n\n\n\n<p>La mandataria capitalina llam\u00f3 a mantener viva la lucha por los derechos de las mujeres y celebr\u00f3 que el Centro Hist\u00f3rico de la ciudad se ilumine como s\u00edmbolo del avance hacia una sociedad m\u00e1s justa e igualitaria.<\/p>\n","protected":false},"excerpt":{"rendered":"<p>-La CDMX avanza en la construcci\u00f3n de una ciudad feminista con pol\u00edticas orientadas a garantizar la igualdad y ejercicio de los derechos de las mujeres. La Jefa de Gobierno, Clara Brugada Molina, encabez\u00f3 el encendido del alumbrado monumental del Z\u00f3calo de la Ciudad de M\u00e9xico con motivo del reconocimiento a la lucha hist\u00f3rica de las [&hellip;]<\/p>\n","protected":false},"author":1,"featured_media":101498,"comment_status":"closed","ping_status":"closed","sticky":false,"template":"","format":"standard","meta":{"footnotes":""},"categories":[35,30],"tags":[],"class_list":["post-101495","post","type-post","status-publish","format-standard","has-post-thumbnail","hentry","category-cdmx","category-destacado"],"_links":{"self":[{"href":"https:\/\/elinformante.mx\/index.php?rest_route=\/wp\/v2\/posts\/101495","targetHints":{"allow":["GET"]}}],"collection":[{"href":"https:\/\/elinformante.mx\/index.php?rest_route=\/wp\/v2\/posts"}],"about":[{"href":"https:\/\/elinformante.mx\/index.php?rest_route=\/wp\/v2\/types\/post"}],"author":[{"embeddable":true,"href":"https:\/\/elinformante.mx\/index.php?rest_route=\/wp\/v2\/users\/1"}],"replies":[{"embeddable":true,"href":"https:\/\/elinformante.mx\/index.php?rest_route=%2Fwp%2Fv2%2Fcomments&post=101495"}],"version-history":[{"count":0,"href":"https:\/\/elinformante.mx\/index.php?rest_route=\/wp\/v2\/posts\/101495\/revisions"}],"wp:featuredmedia":[{"embeddable":true,"href":"https:\/\/elinformante.mx\/index.php?rest_route=\/wp\/v2\/media\/101498"}],"wp:attachment":[{"href":"https:\/\/elinformante.mx\/index.php?rest_route=%2Fwp%2Fv2%2Fmedia&parent=101495"}],"wp:term":[{"taxonomy":"category","embeddable":true,"href":"https:\/\/elinformante.mx\/index.php?rest_route=%2Fwp%2Fv2%2Fcategories&post=101495"},{"taxonomy":"post_tag","embeddable":true,"href":"https:\/\/elinformante.mx\/index.php?rest_route=%2Fwp%2Fv2%2Ftags&post=101495"}],"curies":[{"name":"wp","href":"https:\/\/api.w.org\/{rel}","templated":true}]}}