{"id":101506,"date":"2026-03-12T07:43:17","date_gmt":"2026-03-12T13:43:17","guid":{"rendered":"https:\/\/elinformante.mx\/?p=101506"},"modified":"2026-03-12T07:43:23","modified_gmt":"2026-03-12T13:43:23","slug":"diputados-rechazan-la-reforma-electoral-de-sheinbaum","status":"publish","type":"post","link":"https:\/\/elinformante.mx\/?p=101506","title":{"rendered":"Diputados rechazan la Reforma Electoral de Sheinbaum"},"content":{"rendered":"\n<figure class=\"wp-block-pullquote\"><blockquote><p>-Morena no logr\u00f3 reunir el respaldo necesario de otras fuerzas pol\u00edticas para aprobar la reforma.<\/p><\/blockquote><\/figure>\n\n\n\n<p class=\"has-drop-cap\">La reforma electoral impulsada por la presidenta de M\u00e9xico, Claudia Sheinbaum Pardo, fue desechada en el pleno de la C\u00e1mara de Diputados al no alcanzar la mayor\u00eda calificada requerida para aprobar cambios a la Constituci\u00f3n.<br><\/p>\n\n\n\n<p>El dictamen obtuvo 259 votos a favor, 234 en contra y una abstenci\u00f3n, resultado insuficiente para alcanzar las dos terceras partes de los legisladores presentes necesarias para avalar reformas constitucionales.<br><\/p>\n\n\n\n<p>De acuerdo con el procedimiento legislativo, para lograr que se apruebe alguna modificaci\u00f3n a la Constituci\u00f3n, se requiere obtener al menos 334 votos, cifra que no fue alcanzada por Morena.<br><\/p>\n\n\n\n<p>Tanto el Partido del Trabajo (PT) como el Partido Verde Ecologista de M\u00e9xico (PVEM) votaron en contra de la propuesta, sum\u00e1ndose a las del PAN, PRI y Movimiento Ciudadano.<br><\/p>\n\n\n\n<p>La decisi\u00f3n impidi\u00f3 que Morena reuniera los votos necesarios para avanzar con la reforma, que hab\u00eda sido presentada como uno de los cambios estructurales al sistema pol\u00edtico-electoral.<br><\/p>\n\n\n\n<p>La iniciativa planteaba reformar 11 art\u00edculos de la Constituci\u00f3n con el objetivo de modificar distintos aspectos del sistema pol\u00edtico-electoral mexicano.<br><\/p>\n\n\n\n<p>Entre los principales puntos del proyecto se encontraba reducir en 25% el financiamiento p\u00fablico destinado a los partidos pol\u00edticos, as\u00ed como modificar el mecanismo para elegir a los legisladores de representaci\u00f3n proporcional.<br><\/p>\n\n\n\n<p>La propuesta planteaba que los diputados plurinominales fueran designados mediante un esquema que permitiera mayor respaldo ciudadano a trav\u00e9s del voto directo.<br><\/p>\n\n\n\n<p>Diputados avalan derecho a la desconexi\u00f3n digital y abren nueva etapa para trabajadores<\/p>\n","protected":false},"excerpt":{"rendered":"<p>-Morena no logr\u00f3 reunir el respaldo necesario de otras fuerzas pol\u00edticas para aprobar la reforma. La reforma electoral impulsada por la presidenta de M\u00e9xico, Claudia Sheinbaum Pardo, fue desechada en el pleno de la C\u00e1mara de Diputados al no alcanzar la mayor\u00eda calificada requerida para aprobar cambios a la Constituci\u00f3n. El dictamen obtuvo 259 votos [&hellip;]<\/p>\n","protected":false},"author":1,"featured_media":101511,"comment_status":"closed","ping_status":"closed","sticky":false,"template":"","format":"standard","meta":{"footnotes":""},"categories":[30,34],"tags":[],"class_list":["post-101506","post","type-post","status-publish","format-standard","has-post-thumbnail","hentry","category-destacado","category-nacional"],"_links":{"self":[{"href":"https:\/\/elinformante.mx\/index.php?rest_route=\/wp\/v2\/posts\/101506","targetHints":{"allow":["GET"]}}],"collection":[{"href":"https:\/\/elinformante.mx\/index.php?rest_route=\/wp\/v2\/posts"}],"about":[{"href":"https:\/\/elinformante.mx\/index.php?rest_route=\/wp\/v2\/types\/post"}],"author":[{"embeddable":true,"href":"https:\/\/elinformante.mx\/index.php?rest_route=\/wp\/v2\/users\/1"}],"replies":[{"embeddable":true,"href":"https:\/\/elinformante.mx\/index.php?rest_route=%2Fwp%2Fv2%2Fcomments&post=101506"}],"version-history":[{"count":0,"href":"https:\/\/elinformante.mx\/index.php?rest_route=\/wp\/v2\/posts\/101506\/revisions"}],"wp:featuredmedia":[{"embeddable":true,"href":"https:\/\/elinformante.mx\/index.php?rest_route=\/wp\/v2\/media\/101511"}],"wp:attachment":[{"href":"https:\/\/elinformante.mx\/index.php?rest_route=%2Fwp%2Fv2%2Fmedia&parent=101506"}],"wp:term":[{"taxonomy":"category","embeddable":true,"href":"https:\/\/elinformante.mx\/index.php?rest_route=%2Fwp%2Fv2%2Fcategories&post=101506"},{"taxonomy":"post_tag","embeddable":true,"href":"https:\/\/elinformante.mx\/index.php?rest_route=%2Fwp%2Fv2%2Ftags&post=101506"}],"curies":[{"name":"wp","href":"https:\/\/api.w.org\/{rel}","templated":true}]}}