{"id":101507,"date":"2026-03-12T07:40:19","date_gmt":"2026-03-12T13:40:19","guid":{"rendered":"https:\/\/elinformante.mx\/?p=101507"},"modified":"2026-03-12T07:40:55","modified_gmt":"2026-03-12T13:40:55","slug":"mexico-pionero-en-acordar-con-plataformas-digitales-proteccion-a-las-mujeres-citlalli-hernandez","status":"publish","type":"post","link":"https:\/\/elinformante.mx\/?p=101507","title":{"rendered":"M\u00e9xico pionero en acordar con plataformas digitales protecci\u00f3n a las mujeres: Citlalli Hern\u00e1ndez"},"content":{"rendered":"\n<figure class=\"wp-block-pullquote\"><blockquote><p>-Destac\u00f3 que el espacio virtual tambi\u00e9n es parte de nuestra realidad.<\/p><\/blockquote><\/figure>\n\n\n\n<p class=\"has-drop-cap\">La secretaria Citlalli Hern\u00e1ndez Mora firm\u00f3 el primer Acuerdo de colaboraci\u00f3n voluntaria con plataformas digitales para combatir las violencias en el \u00e1mbito digital, un esfuerzo coordinado con la Agencia de Transformaci\u00f3n Digital y Telecomunicaciones y las principales empresas globales del sector, Google, Meta y TikTok que coloca a M\u00e9xico a la vanguardia de la defensa de los derechos de las mujeres en el ecosistema digital.<br><\/p>\n\n\n\n<p>Explic\u00f3 que este instrumento busca garantizar que el entorno virtual sea un espacio seguro para las ni\u00f1as, adolescentes y mujeres mexicanas, toda vez que de acuerdo con cifras del INEGI, el espacio virtual tambi\u00e9n es parte de nuestra realidad.<br><\/p>\n\n\n\n<p>Destac\u00f3 que en 2024 alrededor de 18.4 millones de personas reportaron haber sido v\u00edctimas de ciberacoso, de los cuales 10.6 millones fueron mujeres.<br><\/p>\n\n\n\n<p>Puntualiz\u00f3 que las formas de acoso entre mujeres y hombres son diferenciadas, pues las mujeres reportan haber sido v\u00edctimas de insinuaciones o propuestas sexuales, recibir contenido de car\u00e1cter sexual o suplantaci\u00f3n de identidad, cr\u00edticas por su apariencia y la publicaci\u00f3n o venta de contenido sexual. En el caso de los hombres, la violencia se manifiesta de manera distinta, con mensajes y llamadas ofensivas, o con comentarios para provocar respuestas negativas.<br><\/p>\n\n\n\n<p>Este primer acuerdo voluntario, cuenta con el acompa\u00f1amiento de defensoras de los derechos digitales, contempla acciones estructuradas sobre los ejes de prevenci\u00f3n y atenci\u00f3n.<br><\/p>\n\n\n\n<p>Prevenci\u00f3n: en este rubro, el acuerdo establece la revisi\u00f3n conjunta de las normas comunitarias de las plataformas y la implementaci\u00f3n de campa\u00f1as para fomentar una convivencia libre de violencias. Asimismo, se contempla la educaci\u00f3n del ecosistema de creadores de contenido y personas usuarias para desnormalizar las agresiones en la red.<br><\/p>\n\n\n\n<p>Atenci\u00f3n: el segundo apartado se enfoca en la respuesta oportuna ante casos de violencia. Incluye la colaboraci\u00f3n estrat\u00e9gica para el retiro de contenido \u00edntimo no consentido sin comprometer la cadena de custodia digital, as\u00ed como la creaci\u00f3n de enlaces directos entre las empresas y las autoridades, como fiscal\u00edas o la polic\u00eda cibern\u00e9tica.<br><\/p>\n\n\n\n<p>Hern\u00e1ndez Mora apunt\u00f3 que es necesario, en primera instancia, fortalecer entre la sociedad el conocimiento de que la violencia digital est\u00e1 tipificada, y record\u00f3 a las mujeres que en caso de ser v\u00edctimas de cualquier tipo o modalidad de violencia, pueden marcar a la L\u00ednea de las Mujeres 079, opci\u00f3n 1, para contar con un primer acompa\u00f1amiento y ser canalizadas a la instancia m\u00e1s pertinente.<br><\/p>\n\n\n\n<p>Con la convicci\u00f3n de que la suma de voluntades transforma la vida de las mujeres, este acuerdo de colaboraci\u00f3n voluntaria da cuenta del compromiso y deber de la Secretar\u00eda de las Mujeres de empujar todo el aparato del Estado, y de convocar la coordinaci\u00f3n con todos los sectores de la sociedad, para garantizar igualdad sustantiva y una vida libre de violencias para las mexicanas en todos los espacios que habitamos, tal y como lo es el ecosistema digital.<\/p>\n","protected":false},"excerpt":{"rendered":"<p>-Destac\u00f3 que el espacio virtual tambi\u00e9n es parte de nuestra realidad. La secretaria Citlalli Hern\u00e1ndez Mora firm\u00f3 el primer Acuerdo de colaboraci\u00f3n voluntaria con plataformas digitales para combatir las violencias en el \u00e1mbito digital, un esfuerzo coordinado con la Agencia de Transformaci\u00f3n Digital y Telecomunicaciones y las principales empresas globales del sector, Google, Meta y [&hellip;]<\/p>\n","protected":false},"author":1,"featured_media":101509,"comment_status":"closed","ping_status":"closed","sticky":false,"template":"","format":"standard","meta":{"footnotes":""},"categories":[34],"tags":[],"class_list":["post-101507","post","type-post","status-publish","format-standard","has-post-thumbnail","hentry","category-nacional"],"_links":{"self":[{"href":"https:\/\/elinformante.mx\/index.php?rest_route=\/wp\/v2\/posts\/101507","targetHints":{"allow":["GET"]}}],"collection":[{"href":"https:\/\/elinformante.mx\/index.php?rest_route=\/wp\/v2\/posts"}],"about":[{"href":"https:\/\/elinformante.mx\/index.php?rest_route=\/wp\/v2\/types\/post"}],"author":[{"embeddable":true,"href":"https:\/\/elinformante.mx\/index.php?rest_route=\/wp\/v2\/users\/1"}],"replies":[{"embeddable":true,"href":"https:\/\/elinformante.mx\/index.php?rest_route=%2Fwp%2Fv2%2Fcomments&post=101507"}],"version-history":[{"count":0,"href":"https:\/\/elinformante.mx\/index.php?rest_route=\/wp\/v2\/posts\/101507\/revisions"}],"wp:featuredmedia":[{"embeddable":true,"href":"https:\/\/elinformante.mx\/index.php?rest_route=\/wp\/v2\/media\/101509"}],"wp:attachment":[{"href":"https:\/\/elinformante.mx\/index.php?rest_route=%2Fwp%2Fv2%2Fmedia&parent=101507"}],"wp:term":[{"taxonomy":"category","embeddable":true,"href":"https:\/\/elinformante.mx\/index.php?rest_route=%2Fwp%2Fv2%2Fcategories&post=101507"},{"taxonomy":"post_tag","embeddable":true,"href":"https:\/\/elinformante.mx\/index.php?rest_route=%2Fwp%2Fv2%2Ftags&post=101507"}],"curies":[{"name":"wp","href":"https:\/\/api.w.org\/{rel}","templated":true}]}}