{"id":101512,"date":"2026-03-12T07:46:48","date_gmt":"2026-03-12T13:46:48","guid":{"rendered":"https:\/\/elinformante.mx\/?p=101512"},"modified":"2026-03-12T07:47:39","modified_gmt":"2026-03-12T13:47:39","slug":"mexico-llega-con-poder-de-negociacion-a-revision-del-t-mec-ebrard","status":"publish","type":"post","link":"https:\/\/elinformante.mx\/?p=101512","title":{"rendered":"\u201cM\u00e9xico llega con poder de negociaci\u00f3n a revisi\u00f3n del T-MEC\u201d: Ebrard"},"content":{"rendered":"\n<figure class=\"wp-block-pullquote\"><blockquote><p>-Somos un pa\u00eds poderoso, prudente, pero tenemos poder de negociaci\u00f3n.<\/p><\/blockquote><\/figure>\n\n\n\n<p class=\"has-drop-cap\">El secretario de Econom\u00eda, Marcelo Ebrard, afirm\u00f3 que M\u00e9xico llega con poder de negociaci\u00f3n a la revisi\u00f3n del Tratado entre M\u00e9xico, Estados Unidos y Canad\u00e1 (T-MEC), al sostener que el pa\u00eds debe adaptarse al cambio de reglas del mayor mercado del mundo, los Estados Unidos.<br><\/p>\n\n\n\n<p>\u201cHay que tener en claro que somos un pa\u00eds poderoso, prudente, pero tenemos poder de negociaci\u00f3n. M\u00e9xico es el principal pa\u00eds exportador de Estados Unidos y es el que paga un arancel m\u00e1s bajo de todos los dem\u00e1s\u201d, expres\u00f3 el funcionario durante un evento p\u00fablico en Puebla.<br><\/p>\n\n\n\n<p>Record\u00f3 que la pr\u00f3xima semana M\u00e9xico y Estados Unidos iniciar\u00e1n la primera ronda de conversaciones para la revisi\u00f3n del T-MEC, donde detall\u00f3 que se tocar\u00e1n tres temas principales de com\u00fan acuerdo.<br><\/p>\n\n\n\n<p>El primero ser\u00e1 la revisi\u00f3n de c\u00f3mo reducir de manera conjunta la dependencia que los tres pa\u00edses de Norteam\u00e9rica tienen respecto a otros pa\u00edses, en especial de Asia, luego de superar discusiones sobre reducir el d\u00e9ficit entre Estados Unidos y M\u00e9xico.<br><\/p>\n\n\n\n<p>El segundo eje ser\u00e1 el de las reglas de origen, pues enfatiz\u00f3 que el comercio que viene va a estar organizado en funci\u00f3n de d\u00f3nde hiciste el producto, no necesariamente su precio, porque Estados Unidos, el mercado m\u00e1s grande del mundo, cambi\u00f3 el sistema que privilegiaba producir m\u00e1s barato sin importar el origen.<br><\/p>\n\n\n\n<p>La clave ser\u00e1 tener un certificado de origen. Porque si no avalas el origen, no podr\u00e1s entrar o te cobrar\u00e1n tarifas muy altas, explic\u00f3.<br><\/p>\n\n\n\n<p>El tercer tema ser\u00e1 la seguridad de las cadenas de suministro, donde Ebrard vincul\u00f3 ese punto con la guerra en Medio Oriente y las dificultades en el estrecho de Ormuz, al advertir que hoy el riesgo puede ser el petr\u00f3leo, pero ma\u00f1ana puede ser cualquier otro insumo estrat\u00e9gico.<br><\/p>\n\n\n\n<p>Revel\u00f3 que, tras esta primera ronda con Estados Unidos, Canad\u00e1 tambi\u00e9n entrar\u00e1 en la agenda, con una primera reuni\u00f3n prevista en el pr\u00f3ximo mes de mayo.<br><\/p>\n\n\n\n<p>Adelant\u00f3 tambi\u00e9n que este jueves presentar\u00e1 la convocatoria para una visita de empresarios mexicanos a ese pa\u00eds en el marco de este primer acercamiento para la revisi\u00f3n del T-MEC.<br><\/p>\n\n\n\n<p>Deline\u00f3 que esta visita de empresarios mexicanos a Canad\u00e1 se da luego de recibir recientemente a 400 empresas canadienses.<\/p>\n","protected":false},"excerpt":{"rendered":"<p>-Somos un pa\u00eds poderoso, prudente, pero tenemos poder de negociaci\u00f3n. El secretario de Econom\u00eda, Marcelo Ebrard, afirm\u00f3 que M\u00e9xico llega con poder de negociaci\u00f3n a la revisi\u00f3n del Tratado entre M\u00e9xico, Estados Unidos y Canad\u00e1 (T-MEC), al sostener que el pa\u00eds debe adaptarse al cambio de reglas del mayor mercado del mundo, los Estados Unidos. [&hellip;]<\/p>\n","protected":false},"author":1,"featured_media":101515,"comment_status":"closed","ping_status":"closed","sticky":false,"template":"","format":"standard","meta":{"footnotes":""},"categories":[30,34,31],"tags":[],"class_list":["post-101512","post","type-post","status-publish","format-standard","has-post-thumbnail","hentry","category-destacado","category-nacional","category-portada"],"_links":{"self":[{"href":"https:\/\/elinformante.mx\/index.php?rest_route=\/wp\/v2\/posts\/101512","targetHints":{"allow":["GET"]}}],"collection":[{"href":"https:\/\/elinformante.mx\/index.php?rest_route=\/wp\/v2\/posts"}],"about":[{"href":"https:\/\/elinformante.mx\/index.php?rest_route=\/wp\/v2\/types\/post"}],"author":[{"embeddable":true,"href":"https:\/\/elinformante.mx\/index.php?rest_route=\/wp\/v2\/users\/1"}],"replies":[{"embeddable":true,"href":"https:\/\/elinformante.mx\/index.php?rest_route=%2Fwp%2Fv2%2Fcomments&post=101512"}],"version-history":[{"count":0,"href":"https:\/\/elinformante.mx\/index.php?rest_route=\/wp\/v2\/posts\/101512\/revisions"}],"wp:featuredmedia":[{"embeddable":true,"href":"https:\/\/elinformante.mx\/index.php?rest_route=\/wp\/v2\/media\/101515"}],"wp:attachment":[{"href":"https:\/\/elinformante.mx\/index.php?rest_route=%2Fwp%2Fv2%2Fmedia&parent=101512"}],"wp:term":[{"taxonomy":"category","embeddable":true,"href":"https:\/\/elinformante.mx\/index.php?rest_route=%2Fwp%2Fv2%2Fcategories&post=101512"},{"taxonomy":"post_tag","embeddable":true,"href":"https:\/\/elinformante.mx\/index.php?rest_route=%2Fwp%2Fv2%2Ftags&post=101512"}],"curies":[{"name":"wp","href":"https:\/\/api.w.org\/{rel}","templated":true}]}}