{"id":101523,"date":"2026-03-12T09:48:56","date_gmt":"2026-03-12T15:48:56","guid":{"rendered":"https:\/\/elinformante.mx\/?p=101523"},"modified":"2026-03-12T09:49:01","modified_gmt":"2026-03-12T15:49:01","slug":"sheinbaum-cuestiona-a-diputados-de-morena-que-votaron-contra-la-reforma-electoral","status":"publish","type":"post","link":"https:\/\/elinformante.mx\/?p=101523","title":{"rendered":"Sheinbaum cuestiona a diputados de morena que votaron contra la reforma electoral"},"content":{"rendered":"\n<p>La presidenta de M\u00e9xico, Claudia Sheinbaum, cuestion\u00f3 a los legisladores de Morena que votaron en contra de la reforma electoral durante la discusi\u00f3n realizada en la C\u00e1mara de Diputados.<\/p>\n\n\n\n<p>Durante sus declaraciones, la mandataria se\u00f1al\u00f3 que la ciudadan\u00eda podr\u00e1 formarse su propia opini\u00f3n sobre la postura asumida por algunos integrantes del partido durante la votaci\u00f3n del proyecto.<\/p>\n\n\n\n<p>Sheinbaum indic\u00f3 que corresponder\u00e1 al propio partido analizar internamente la situaci\u00f3n y definir la postura que se tomar\u00e1 frente a los legisladores que decidieron votar en contra de la iniciativa.<\/p>\n\n\n\n<p>Asimismo, mencion\u00f3 que algunos diputados pueden tener convicciones distintas o tomar decisiones influenciadas por la informaci\u00f3n que circula en los medios de comunicaci\u00f3n.<\/p>\n\n\n\n<p>La presidenta reiter\u00f3 que los procesos internos del partido ser\u00e1n los espacios donde se aborde este tema, mientras contin\u00faa el debate pol\u00edtico en torno a la reforma electoral.<\/p>\n","protected":false},"excerpt":{"rendered":"<p>La presidenta de M\u00e9xico, Claudia Sheinbaum, cuestion\u00f3 a los legisladores de Morena que votaron en contra de la reforma electoral durante la discusi\u00f3n realizada en la C\u00e1mara de Diputados. Durante sus declaraciones, la mandataria se\u00f1al\u00f3 que la ciudadan\u00eda podr\u00e1 formarse su propia opini\u00f3n sobre la postura asumida por algunos integrantes del partido durante la votaci\u00f3n [&hellip;]<\/p>\n","protected":false},"author":2,"featured_media":101524,"comment_status":"closed","ping_status":"closed","sticky":false,"template":"","format":"standard","meta":{"footnotes":""},"categories":[34],"tags":[71],"class_list":["post-101523","post","type-post","status-publish","format-standard","has-post-thumbnail","hentry","category-nacional","tag-politica"],"_links":{"self":[{"href":"https:\/\/elinformante.mx\/index.php?rest_route=\/wp\/v2\/posts\/101523","targetHints":{"allow":["GET"]}}],"collection":[{"href":"https:\/\/elinformante.mx\/index.php?rest_route=\/wp\/v2\/posts"}],"about":[{"href":"https:\/\/elinformante.mx\/index.php?rest_route=\/wp\/v2\/types\/post"}],"author":[{"embeddable":true,"href":"https:\/\/elinformante.mx\/index.php?rest_route=\/wp\/v2\/users\/2"}],"replies":[{"embeddable":true,"href":"https:\/\/elinformante.mx\/index.php?rest_route=%2Fwp%2Fv2%2Fcomments&post=101523"}],"version-history":[{"count":0,"href":"https:\/\/elinformante.mx\/index.php?rest_route=\/wp\/v2\/posts\/101523\/revisions"}],"wp:featuredmedia":[{"embeddable":true,"href":"https:\/\/elinformante.mx\/index.php?rest_route=\/wp\/v2\/media\/101524"}],"wp:attachment":[{"href":"https:\/\/elinformante.mx\/index.php?rest_route=%2Fwp%2Fv2%2Fmedia&parent=101523"}],"wp:term":[{"taxonomy":"category","embeddable":true,"href":"https:\/\/elinformante.mx\/index.php?rest_route=%2Fwp%2Fv2%2Fcategories&post=101523"},{"taxonomy":"post_tag","embeddable":true,"href":"https:\/\/elinformante.mx\/index.php?rest_route=%2Fwp%2Fv2%2Ftags&post=101523"}],"curies":[{"name":"wp","href":"https:\/\/api.w.org\/{rel}","templated":true}]}}