{"id":101526,"date":"2026-03-12T11:18:32","date_gmt":"2026-03-12T17:18:32","guid":{"rendered":"https:\/\/elinformante.mx\/?p=101526"},"modified":"2026-03-12T11:18:56","modified_gmt":"2026-03-12T17:18:56","slug":"alito-moreno-acusa-a-jesus-ramirez-cuevas-de-permitir-la-entrada-del-crimen-organizado-a-palacio-nacional","status":"publish","type":"post","link":"https:\/\/elinformante.mx\/?p=101526","title":{"rendered":"Alito Moreno acusa a Jes\u00fas Ram\u00edrez Cuevas de permitir la entrada del crimen organizado a Palacio Nacional"},"content":{"rendered":"\n<p>El dirigente nacional del PRI, Alejandro \u201cAlito\u201d Moreno, lanz\u00f3 acusaciones contra el vocero de la Presidencia, Jes\u00fas Ram\u00edrez Cuevas, a quien se\u00f1al\u00f3 de haber abierto las puertas de Palacio Nacional al crimen organizado.<\/p>\n\n\n\n<p>Durante sus declaraciones, el l\u00edder priista critic\u00f3 a integrantes del partido Morena y cuestion\u00f3 el manejo del gobierno federal frente a temas relacionados con la seguridad y la corrupci\u00f3n.<\/p>\n\n\n\n<p>Moreno afirm\u00f3 que, a su juicio, el problema de la corrupci\u00f3n en el pa\u00eds se relaciona con la presencia de lo que llam\u00f3 \u201cnarcopol\u00edticos\u201d dentro de Morena.<\/p>\n\n\n\n<p>\u201cQue metan a la c\u00e1rcel a los narcopol\u00edticos de Morena y se va a acabar la corrupci\u00f3n\u201d, expres\u00f3 el dirigente del PRI al referirse a la situaci\u00f3n pol\u00edtica actual.<\/p>\n\n\n\n<p>Hasta el momento, no se ha informado de una respuesta oficial por parte de los funcionarios se\u00f1alados respecto a estas declaraciones.<\/p>\n","protected":false},"excerpt":{"rendered":"<p>El dirigente nacional del PRI, Alejandro \u201cAlito\u201d Moreno, lanz\u00f3 acusaciones contra el vocero de la Presidencia, Jes\u00fas Ram\u00edrez Cuevas, a quien se\u00f1al\u00f3 de haber abierto las puertas de Palacio Nacional al crimen organizado. Durante sus declaraciones, el l\u00edder priista critic\u00f3 a integrantes del partido Morena y cuestion\u00f3 el manejo del gobierno federal frente a temas [&hellip;]<\/p>\n","protected":false},"author":2,"featured_media":101527,"comment_status":"closed","ping_status":"closed","sticky":false,"template":"","format":"standard","meta":{"footnotes":""},"categories":[34],"tags":[72,73,80,78,79,74,75,76,77],"class_list":["post-101526","post","type-post","status-publish","format-standard","has-post-thumbnail","hentry","category-nacional","tag-alejandro-moreno","tag-alito-moreno","tag-camara-de-diputados","tag-criticas-a-morena","tag-declaraciones-de-alito-moreno","tag-jesus-ramirez-cuevas","tag-morena","tag-palacio-nacional","tag-politica-mexicana"],"_links":{"self":[{"href":"https:\/\/elinformante.mx\/index.php?rest_route=\/wp\/v2\/posts\/101526","targetHints":{"allow":["GET"]}}],"collection":[{"href":"https:\/\/elinformante.mx\/index.php?rest_route=\/wp\/v2\/posts"}],"about":[{"href":"https:\/\/elinformante.mx\/index.php?rest_route=\/wp\/v2\/types\/post"}],"author":[{"embeddable":true,"href":"https:\/\/elinformante.mx\/index.php?rest_route=\/wp\/v2\/users\/2"}],"replies":[{"embeddable":true,"href":"https:\/\/elinformante.mx\/index.php?rest_route=%2Fwp%2Fv2%2Fcomments&post=101526"}],"version-history":[{"count":0,"href":"https:\/\/elinformante.mx\/index.php?rest_route=\/wp\/v2\/posts\/101526\/revisions"}],"wp:featuredmedia":[{"embeddable":true,"href":"https:\/\/elinformante.mx\/index.php?rest_route=\/wp\/v2\/media\/101527"}],"wp:attachment":[{"href":"https:\/\/elinformante.mx\/index.php?rest_route=%2Fwp%2Fv2%2Fmedia&parent=101526"}],"wp:term":[{"taxonomy":"category","embeddable":true,"href":"https:\/\/elinformante.mx\/index.php?rest_route=%2Fwp%2Fv2%2Fcategories&post=101526"},{"taxonomy":"post_tag","embeddable":true,"href":"https:\/\/elinformante.mx\/index.php?rest_route=%2Fwp%2Fv2%2Ftags&post=101526"}],"curies":[{"name":"wp","href":"https:\/\/api.w.org\/{rel}","templated":true}]}}