{"id":101539,"date":"2026-03-12T12:54:45","date_gmt":"2026-03-12T18:54:45","guid":{"rendered":"https:\/\/elinformante.mx\/?p=101539"},"modified":"2026-03-12T13:06:16","modified_gmt":"2026-03-12T19:06:16","slug":"cambio-en-el-rostro-de-galilea-montijo-genera-reacciones-tras-su-regreso-al-programa-hoy","status":"publish","type":"post","link":"https:\/\/elinformante.mx\/?p=101539","title":{"rendered":"Cambio en el rostro de Galilea Montijo genera reacciones tras su regreso al programa &#8216;Hoy&#8217;"},"content":{"rendered":"\n<p>La conductora Galilea Montijo llam\u00f3 la atenci\u00f3n de los espectadores luego de reaparecer en el programa &#8216;Hoy&#8217; tras varias semanas de ausencia. Su regreso al matutino de Televisa gener\u00f3 comentarios en redes sociales debido a que algunos televidentes notaron cambios en su rostro.<\/p>\n\n\n\n<p>De acuerdo con versiones difundidas en programas y cuentas especializadas en espect\u00e1culos, la presentadora podr\u00eda haberse sometido recientemente a alg\u00fan procedimiento est\u00e9tico. Durante la transmisi\u00f3n, varios usuarios se\u00f1alaron que el rostro de la conductora luc\u00eda ligeramente inflamado, lo que desat\u00f3 especulaciones entre el p\u00fablico.<\/p>\n\n\n\n<p>Algunos comentaristas del medio del espect\u00e1culo se\u00f1alaron que estos cambios podr\u00edan corresponder a los primeros d\u00edas de recuperaci\u00f3n tras un tratamiento facial, etapa en la que es com\u00fan presentar hinchaz\u00f3n temporal antes de que el resultado final sea visible.<\/p>\n\n\n\n<p>Las reacciones en redes sociales no se hicieron esperar. Mientras algunos seguidores defendieron a la conductora y se\u00f1alaron que los cambios podr\u00edan ser moment\u00e1neos, otros usuarios comentaron sobre su apariencia y compararon su imagen con la de otras figuras del espect\u00e1culo.<\/p>\n\n\n\n<p>Hasta el momento, Galilea Montijo no ha realizado declaraciones p\u00fablicas sobre las especulaciones. La conductora contin\u00faa formando parte del equipo del programa &#8216;Hoy&#8217;, mientras el tema sigue generando conversaci\u00f3n entre los seguidores del entretenimiento.<\/p>\n","protected":false},"excerpt":{"rendered":"<p>La conductora Galilea Montijo llam\u00f3 la atenci\u00f3n de los espectadores luego de reaparecer en el programa &#8216;Hoy&#8217; tras varias semanas de ausencia. Su regreso al matutino de Televisa gener\u00f3 comentarios en redes sociales debido a que algunos televidentes notaron cambios en su rostro. De acuerdo con versiones difundidas en programas y cuentas especializadas en espect\u00e1culos, [&hellip;]<\/p>\n","protected":false},"author":2,"featured_media":101544,"comment_status":"closed","ping_status":"closed","sticky":false,"template":"","format":"standard","meta":{"footnotes":""},"categories":[39,1],"tags":[],"class_list":["post-101539","post","type-post","status-publish","format-standard","has-post-thumbnail","hentry","category-espectaculos","category-sin-categoria"],"_links":{"self":[{"href":"https:\/\/elinformante.mx\/index.php?rest_route=\/wp\/v2\/posts\/101539","targetHints":{"allow":["GET"]}}],"collection":[{"href":"https:\/\/elinformante.mx\/index.php?rest_route=\/wp\/v2\/posts"}],"about":[{"href":"https:\/\/elinformante.mx\/index.php?rest_route=\/wp\/v2\/types\/post"}],"author":[{"embeddable":true,"href":"https:\/\/elinformante.mx\/index.php?rest_route=\/wp\/v2\/users\/2"}],"replies":[{"embeddable":true,"href":"https:\/\/elinformante.mx\/index.php?rest_route=%2Fwp%2Fv2%2Fcomments&post=101539"}],"version-history":[{"count":0,"href":"https:\/\/elinformante.mx\/index.php?rest_route=\/wp\/v2\/posts\/101539\/revisions"}],"wp:featuredmedia":[{"embeddable":true,"href":"https:\/\/elinformante.mx\/index.php?rest_route=\/wp\/v2\/media\/101544"}],"wp:attachment":[{"href":"https:\/\/elinformante.mx\/index.php?rest_route=%2Fwp%2Fv2%2Fmedia&parent=101539"}],"wp:term":[{"taxonomy":"category","embeddable":true,"href":"https:\/\/elinformante.mx\/index.php?rest_route=%2Fwp%2Fv2%2Fcategories&post=101539"},{"taxonomy":"post_tag","embeddable":true,"href":"https:\/\/elinformante.mx\/index.php?rest_route=%2Fwp%2Fv2%2Ftags&post=101539"}],"curies":[{"name":"wp","href":"https:\/\/api.w.org\/{rel}","templated":true}]}}