{"id":101554,"date":"2026-03-12T14:54:27","date_gmt":"2026-03-12T20:54:27","guid":{"rendered":"https:\/\/elinformante.mx\/?p=101554"},"modified":"2026-03-12T14:54:32","modified_gmt":"2026-03-12T20:54:32","slug":"mat4n-a-claudia-ivett-rodriguez-estrada-dirigente-del-pri-en-la-costa-chica-de-guerrero","status":"publish","type":"post","link":"https:\/\/elinformante.mx\/?p=101554","title":{"rendered":"Mat4n a Claudia Ivett Rodr\u00edguez Estrada, dirigente del PRI en la Costa Chica de Guerrero"},"content":{"rendered":"\n<p>Claudia Ivett Rodr\u00edguez Estrada, dirigente del Partido Revolucionario Institucional (PRI) en la regi\u00f3n de la Costa Chica de Guerrero, fue asesinada la noche del mi\u00e9rcoles, de acuerdo con reportes difundidos por autoridades y actores pol\u00edticos.<\/p>\n\n\n\n<p>El hecho gener\u00f3 reacciones dentro del \u00e1mbito pol\u00edtico estatal y nacional, donde distintos representantes del partido expresaron su condena por el homicidio de la dirigente priista.<\/p>\n\n\n\n<p>El senador Manuel A\u00f1orve conden\u00f3 p\u00fablicamente el asesinato y expres\u00f3 su solidaridad con la familia de Rodr\u00edguez Estrada, as\u00ed como con la militancia del PRI en la regi\u00f3n.<\/p>\n\n\n\n<p>El legislador tambi\u00e9n pidi\u00f3 a las autoridades correspondientes realizar una investigaci\u00f3n a fondo para esclarecer los hechos y dar con los responsables.<\/p>\n\n\n\n<p>Hasta el momento, autoridades no han informado mayores detalles sobre el caso, mientras contin\u00faan las investigaciones relacionadas con este homicidio.<\/p>\n","protected":false},"excerpt":{"rendered":"<p>Claudia Ivett Rodr\u00edguez Estrada, dirigente del Partido Revolucionario Institucional (PRI) en la regi\u00f3n de la Costa Chica de Guerrero, fue asesinada la noche del mi\u00e9rcoles, de acuerdo con reportes difundidos por autoridades y actores pol\u00edticos. El hecho gener\u00f3 reacciones dentro del \u00e1mbito pol\u00edtico estatal y nacional, donde distintos representantes del partido expresaron su condena por [&hellip;]<\/p>\n","protected":false},"author":2,"featured_media":101562,"comment_status":"closed","ping_status":"closed","sticky":false,"template":"","format":"standard","meta":{"footnotes":""},"categories":[34],"tags":[105,100,106,98,101,104,103,102,99],"class_list":["post-101554","post","type-post","status-publish","format-standard","has-post-thumbnail","hentry","category-nacional","tag-claudia-ivett-rodriguez-estrada","tag-costa-chica-guerrero","tag-dirigente-pri-asesinada","tag-homicidio-dirigente-pri","tag-manuel-anorve","tag-noticias-guerrero","tag-politica-guerrero","tag-pri-guerrero","tag-violencia-en-guerrero"],"_links":{"self":[{"href":"https:\/\/elinformante.mx\/index.php?rest_route=\/wp\/v2\/posts\/101554","targetHints":{"allow":["GET"]}}],"collection":[{"href":"https:\/\/elinformante.mx\/index.php?rest_route=\/wp\/v2\/posts"}],"about":[{"href":"https:\/\/elinformante.mx\/index.php?rest_route=\/wp\/v2\/types\/post"}],"author":[{"embeddable":true,"href":"https:\/\/elinformante.mx\/index.php?rest_route=\/wp\/v2\/users\/2"}],"replies":[{"embeddable":true,"href":"https:\/\/elinformante.mx\/index.php?rest_route=%2Fwp%2Fv2%2Fcomments&post=101554"}],"version-history":[{"count":0,"href":"https:\/\/elinformante.mx\/index.php?rest_route=\/wp\/v2\/posts\/101554\/revisions"}],"wp:featuredmedia":[{"embeddable":true,"href":"https:\/\/elinformante.mx\/index.php?rest_route=\/wp\/v2\/media\/101562"}],"wp:attachment":[{"href":"https:\/\/elinformante.mx\/index.php?rest_route=%2Fwp%2Fv2%2Fmedia&parent=101554"}],"wp:term":[{"taxonomy":"category","embeddable":true,"href":"https:\/\/elinformante.mx\/index.php?rest_route=%2Fwp%2Fv2%2Fcategories&post=101554"},{"taxonomy":"post_tag","embeddable":true,"href":"https:\/\/elinformante.mx\/index.php?rest_route=%2Fwp%2Fv2%2Ftags&post=101554"}],"curies":[{"name":"wp","href":"https:\/\/api.w.org\/{rel}","templated":true}]}}