{"id":101555,"date":"2026-03-12T13:58:28","date_gmt":"2026-03-12T19:58:28","guid":{"rendered":"https:\/\/elinformante.mx\/?p=101555"},"modified":"2026-03-12T13:59:52","modified_gmt":"2026-03-12T19:59:52","slug":"mexicano-jose-antonio-garcia-competira-por-el-oscar-a-mejor-sonido","status":"publish","type":"post","link":"https:\/\/elinformante.mx\/?p=101555","title":{"rendered":"Mexicano Jos\u00e9 Antonio Garc\u00eda competir\u00e1 por el Oscar a Mejor Sonido"},"content":{"rendered":"\n<p>El especialista mexicano en sonido Jos\u00e9 Antonio Garc\u00eda buscar\u00e1 ganar el Oscar a Mejor Sonido durante la edici\u00f3n n\u00famero 98 de los Premios de la Academia. Con m\u00e1s de tres d\u00e9cadas de trayectoria en la industria cinematogr\u00e1fica, el profesional se ha consolidado como uno de los mexicanos m\u00e1s reconocidos en el \u00e1rea t\u00e9cnica dentro de Hollywood.<\/p>\n\n\n\n<p>Garc\u00eda, conocido en el medio como \u201cEl Tibur\u00f3n\u201d, est\u00e1 nominado por su trabajo en la pel\u00edcula <em>Una batalla tras otra<\/em>. Esta ser\u00e1 la tercera ocasi\u00f3n en la que compite por una estatuilla, luego de sus nominaciones anteriores por <em>Argo<\/em> y <em>Roma<\/em>, producciones que tambi\u00e9n destacaron por su trabajo sonoro.<\/p>\n\n\n\n<p>Originario de M\u00e9xico, Jos\u00e9 Antonio Garc\u00eda Tiburcio emigr\u00f3 a Estados Unidos en 1980 en busca de mayores oportunidades dentro del cine. Sus primeros proyectos incluyeron participaciones en producciones como la serie <em>Tales from the Crypt<\/em> y las pel\u00edculas <em>Critters 3<\/em> y <em>Critters 4<\/em>, trabajos que marcaron el inicio de su carrera internacional.<\/p>\n\n\n\n<p>A lo largo de los a\u00f1os ha colaborado en importantes producciones cinematogr\u00e1ficas, entre ellas <em>La princesita<\/em>, <em>Y tu mam\u00e1 tambi\u00e9n<\/em>, <em>Babel<\/em>, <em>The Avengers<\/em>, <em>Iron Man 3<\/em>, <em>Sully<\/em> y <em>Roma<\/em>. Su trabajo ha sido reconocido tanto por la industria estadounidense como por el cine mexicano.<\/p>\n\n\n\n<p>El especialista tambi\u00e9n ha adelantado que participar\u00e1 en pr\u00f3ximos proyectos cinematogr\u00e1ficos, entre ellos la precuela de <em>Los Juegos del Hambre<\/em> y la pel\u00edcula <em>Animals<\/em>, dirigida por Ben Affleck y en la que tambi\u00e9n participan los actores mexicanos Adriana Paz y Luis Gerardo M\u00e9ndez.<\/p>\n","protected":false},"excerpt":{"rendered":"<p>El especialista mexicano en sonido Jos\u00e9 Antonio Garc\u00eda buscar\u00e1 ganar el Oscar a Mejor Sonido durante la edici\u00f3n n\u00famero 98 de los Premios de la Academia. Con m\u00e1s de tres d\u00e9cadas de trayectoria en la industria cinematogr\u00e1fica, el profesional se ha consolidado como uno de los mexicanos m\u00e1s reconocidos en el \u00e1rea t\u00e9cnica dentro de [&hellip;]<\/p>\n","protected":false},"author":2,"featured_media":101556,"comment_status":"closed","ping_status":"closed","sticky":false,"template":"","format":"standard","meta":{"footnotes":""},"categories":[39],"tags":[],"class_list":["post-101555","post","type-post","status-publish","format-standard","has-post-thumbnail","hentry","category-espectaculos"],"_links":{"self":[{"href":"https:\/\/elinformante.mx\/index.php?rest_route=\/wp\/v2\/posts\/101555","targetHints":{"allow":["GET"]}}],"collection":[{"href":"https:\/\/elinformante.mx\/index.php?rest_route=\/wp\/v2\/posts"}],"about":[{"href":"https:\/\/elinformante.mx\/index.php?rest_route=\/wp\/v2\/types\/post"}],"author":[{"embeddable":true,"href":"https:\/\/elinformante.mx\/index.php?rest_route=\/wp\/v2\/users\/2"}],"replies":[{"embeddable":true,"href":"https:\/\/elinformante.mx\/index.php?rest_route=%2Fwp%2Fv2%2Fcomments&post=101555"}],"version-history":[{"count":0,"href":"https:\/\/elinformante.mx\/index.php?rest_route=\/wp\/v2\/posts\/101555\/revisions"}],"wp:featuredmedia":[{"embeddable":true,"href":"https:\/\/elinformante.mx\/index.php?rest_route=\/wp\/v2\/media\/101556"}],"wp:attachment":[{"href":"https:\/\/elinformante.mx\/index.php?rest_route=%2Fwp%2Fv2%2Fmedia&parent=101555"}],"wp:term":[{"taxonomy":"category","embeddable":true,"href":"https:\/\/elinformante.mx\/index.php?rest_route=%2Fwp%2Fv2%2Fcategories&post=101555"},{"taxonomy":"post_tag","embeddable":true,"href":"https:\/\/elinformante.mx\/index.php?rest_route=%2Fwp%2Fv2%2Ftags&post=101555"}],"curies":[{"name":"wp","href":"https:\/\/api.w.org\/{rel}","templated":true}]}}