{"id":101563,"date":"2026-03-12T15:06:16","date_gmt":"2026-03-12T21:06:16","guid":{"rendered":"https:\/\/elinformante.mx\/?p=101563"},"modified":"2026-03-12T15:06:20","modified_gmt":"2026-03-12T21:06:20","slug":"monreal-destaca-papel-de-sheinbaum-para-retomar-dialogo-con-aliados-politicos","status":"publish","type":"post","link":"https:\/\/elinformante.mx\/?p=101563","title":{"rendered":"Monreal destaca papel de Sheinbaum para retomar di\u00e1logo con aliados pol\u00edticos"},"content":{"rendered":"\n<p>El coordinador de Morena en la C\u00e1mara de Diputados, Ricardo Monreal, destac\u00f3 el papel de la presidenta Claudia Sheinbaum para recomponer la relaci\u00f3n con aliados pol\u00edticos tras recientes tensiones derivadas del debate sobre la reforma electoral.<\/p>\n\n\n\n<p>El legislador se\u00f1al\u00f3 que el di\u00e1logo permiti\u00f3 retomar la comunicaci\u00f3n entre las fuerzas pol\u00edticas que integran la coalici\u00f3n, luego de diferencias surgidas durante la discusi\u00f3n legislativa.<\/p>\n\n\n\n<p>Monreal afirm\u00f3 que la apertura mostrada por la mandataria federal fue clave para volver a sentar a los aliados en la mesa de di\u00e1logo en Palacio Nacional.<\/p>\n\n\n\n<p>Durante sus declaraciones, el diputado consider\u00f3 que la disposici\u00f3n al di\u00e1logo reflej\u00f3 un gesto de generosidad pol\u00edtica que facilit\u00f3 la recomposici\u00f3n de la relaci\u00f3n entre las distintas fuerzas.<\/p>\n\n\n\n<p>El legislador subray\u00f3 que mantener el di\u00e1logo entre los aliados ser\u00e1 importante para fortalecer la coordinaci\u00f3n pol\u00edtica en los pr\u00f3ximos procesos legislativos y electorales.<\/p>\n","protected":false},"excerpt":{"rendered":"<p>El coordinador de Morena en la C\u00e1mara de Diputados, Ricardo Monreal, destac\u00f3 el papel de la presidenta Claudia Sheinbaum para recomponer la relaci\u00f3n con aliados pol\u00edticos tras recientes tensiones derivadas del debate sobre la reforma electoral. El legislador se\u00f1al\u00f3 que el di\u00e1logo permiti\u00f3 retomar la comunicaci\u00f3n entre las fuerzas pol\u00edticas que integran la coalici\u00f3n, luego [&hellip;]<\/p>\n","protected":false},"author":2,"featured_media":101564,"comment_status":"closed","ping_status":"closed","sticky":false,"template":"","format":"standard","meta":{"footnotes":""},"categories":[34],"tags":[91,112,111,107,108,77,110,109,113],"class_list":["post-101563","post","type-post","status-publish","format-standard","has-post-thumbnail","hentry","category-nacional","tag-claudia-sheinbaum","tag-coalicion-morena-pt-verde","tag-dialogo-politico-mexico","tag-morena-aliados-politicos","tag-palacio-nacional-reunion","tag-politica-mexicana","tag-reforma-electoral-mexico","tag-ricardo-monreal","tag-san-lazaro-diputados"],"_links":{"self":[{"href":"https:\/\/elinformante.mx\/index.php?rest_route=\/wp\/v2\/posts\/101563","targetHints":{"allow":["GET"]}}],"collection":[{"href":"https:\/\/elinformante.mx\/index.php?rest_route=\/wp\/v2\/posts"}],"about":[{"href":"https:\/\/elinformante.mx\/index.php?rest_route=\/wp\/v2\/types\/post"}],"author":[{"embeddable":true,"href":"https:\/\/elinformante.mx\/index.php?rest_route=\/wp\/v2\/users\/2"}],"replies":[{"embeddable":true,"href":"https:\/\/elinformante.mx\/index.php?rest_route=%2Fwp%2Fv2%2Fcomments&post=101563"}],"version-history":[{"count":0,"href":"https:\/\/elinformante.mx\/index.php?rest_route=\/wp\/v2\/posts\/101563\/revisions"}],"wp:featuredmedia":[{"embeddable":true,"href":"https:\/\/elinformante.mx\/index.php?rest_route=\/wp\/v2\/media\/101564"}],"wp:attachment":[{"href":"https:\/\/elinformante.mx\/index.php?rest_route=%2Fwp%2Fv2%2Fmedia&parent=101563"}],"wp:term":[{"taxonomy":"category","embeddable":true,"href":"https:\/\/elinformante.mx\/index.php?rest_route=%2Fwp%2Fv2%2Fcategories&post=101563"},{"taxonomy":"post_tag","embeddable":true,"href":"https:\/\/elinformante.mx\/index.php?rest_route=%2Fwp%2Fv2%2Ftags&post=101563"}],"curies":[{"name":"wp","href":"https:\/\/api.w.org\/{rel}","templated":true}]}}