{"id":101565,"date":"2026-03-12T15:30:36","date_gmt":"2026-03-12T21:30:36","guid":{"rendered":"https:\/\/elinformante.mx\/?p=101565"},"modified":"2026-03-12T15:30:39","modified_gmt":"2026-03-12T21:30:39","slug":"turco-mohamed-admite-mal-partido-de-toluca-pero-confia-en-remontar-en-casa","status":"publish","type":"post","link":"https:\/\/elinformante.mx\/?p=101565","title":{"rendered":"\u201cTURCO\u201d MOHAMED ADMITE MAL PARTIDO DE TOLUCA, PERO CONF\u00cdA EN REMONTAR EN CASA"},"content":{"rendered":"\n<p>El director t\u00e9cnico de los <strong>Diablos Rojos del Toluca<\/strong>, Antonio \u201cTurco\u201d Mohamed, asegur\u00f3 que su equipo qued\u00f3 golpeado tras la derrota <strong>3-2 ante San Diego FC<\/strong> en la ida de los Octavos de Final de la <strong>Copa de Campeones de la Concacaf<\/strong>, aunque afirm\u00f3 que el grupo sigue fuerte y con confianza para revertir la serie en el partido de vuelta.<\/p>\n\n\n\n<p>En conferencia de prensa al finalizar el encuentro en el <strong>Snapdragon Stadium<\/strong>, el estratega reconoci\u00f3 la calidad del rival y se\u00f1al\u00f3 que la expulsi\u00f3n condicion\u00f3 el funcionamiento de su equipo. Explic\u00f3 que, tras esa jugada, Toluca no logr\u00f3 acomodarse en el campo y adem\u00e1s inici\u00f3 el segundo tiempo con desconcentraci\u00f3n.<\/p>\n\n\n\n<p>Mohamed consider\u00f3 que fue <strong>el peor partido de los Diablos en lo que va de la temporada<\/strong>, aunque subray\u00f3 que la serie sigue abierta. Record\u00f3 que con un triunfo por <strong>1-0 o 2-1 en el estadio Nemesio Diez<\/strong> el conjunto escarlata podr\u00eda avanzar a la siguiente ronda.<\/p>\n\n\n\n<p>Sobre la lesi\u00f3n de <strong>Marcel Ruiz<\/strong>, el t\u00e9cnico explic\u00f3 que el jugador ser\u00e1 evaluado con mayor detalle, aunque hay se\u00f1ales positivas, ya que la rodilla se manten\u00eda estable y sin inflamaci\u00f3n tras el partido, por lo que espera que solo se trate de un susto.<\/p>\n\n\n\n<p>El estratega tambi\u00e9n se\u00f1al\u00f3 que el equipo primero se enfocar\u00e1 en su compromiso ante <strong>Atlas<\/strong> en la liga, para despu\u00e9s concentrarse en el duelo de vuelta ante San Diego FC, donde conf\u00eda en que Toluca pueda hacerse fuerte como local.<\/p>\n","protected":false},"excerpt":{"rendered":"<p>El director t\u00e9cnico de los Diablos Rojos del Toluca, Antonio \u201cTurco\u201d Mohamed, asegur\u00f3 que su equipo qued\u00f3 golpeado tras la derrota 3-2 ante San Diego FC en la ida de los Octavos de Final de la Copa de Campeones de la Concacaf, aunque afirm\u00f3 que el grupo sigue fuerte y con confianza para revertir la [&hellip;]<\/p>\n","protected":false},"author":2,"featured_media":101566,"comment_status":"closed","ping_status":"closed","sticky":false,"template":"","format":"standard","meta":{"footnotes":""},"categories":[38],"tags":[],"class_list":["post-101565","post","type-post","status-publish","format-standard","has-post-thumbnail","hentry","category-deportes"],"_links":{"self":[{"href":"https:\/\/elinformante.mx\/index.php?rest_route=\/wp\/v2\/posts\/101565","targetHints":{"allow":["GET"]}}],"collection":[{"href":"https:\/\/elinformante.mx\/index.php?rest_route=\/wp\/v2\/posts"}],"about":[{"href":"https:\/\/elinformante.mx\/index.php?rest_route=\/wp\/v2\/types\/post"}],"author":[{"embeddable":true,"href":"https:\/\/elinformante.mx\/index.php?rest_route=\/wp\/v2\/users\/2"}],"replies":[{"embeddable":true,"href":"https:\/\/elinformante.mx\/index.php?rest_route=%2Fwp%2Fv2%2Fcomments&post=101565"}],"version-history":[{"count":0,"href":"https:\/\/elinformante.mx\/index.php?rest_route=\/wp\/v2\/posts\/101565\/revisions"}],"wp:featuredmedia":[{"embeddable":true,"href":"https:\/\/elinformante.mx\/index.php?rest_route=\/wp\/v2\/media\/101566"}],"wp:attachment":[{"href":"https:\/\/elinformante.mx\/index.php?rest_route=%2Fwp%2Fv2%2Fmedia&parent=101565"}],"wp:term":[{"taxonomy":"category","embeddable":true,"href":"https:\/\/elinformante.mx\/index.php?rest_route=%2Fwp%2Fv2%2Fcategories&post=101565"},{"taxonomy":"post_tag","embeddable":true,"href":"https:\/\/elinformante.mx\/index.php?rest_route=%2Fwp%2Fv2%2Ftags&post=101565"}],"curies":[{"name":"wp","href":"https:\/\/api.w.org\/{rel}","templated":true}]}}