{"id":101583,"date":"2026-03-12T17:48:28","date_gmt":"2026-03-12T23:48:28","guid":{"rendered":"https:\/\/elinformante.mx\/?p=101583"},"modified":"2026-03-12T17:48:31","modified_gmt":"2026-03-12T23:48:31","slug":"malagon-agradece-apoyo-tras-su-lesion-y-america-confirma-operacion-exitosa","status":"publish","type":"post","link":"https:\/\/elinformante.mx\/?p=101583","title":{"rendered":"Malag\u00f3n agradece apoyo tras su lesi\u00f3n y Am\u00e9rica confirma operaci\u00f3n exitosa"},"content":{"rendered":"\n<p>El portero del Club Am\u00e9rica, Luis \u00c1ngel Malag\u00f3n, ofreci\u00f3 sus primeras declaraciones p\u00fablicas luego de confirmarse la ruptura del tend\u00f3n de Aquiles que sufri\u00f3 recientemente. El guardameta habl\u00f3 ante los medios a su llegada al aeropuerto de Guadalajara, donde se mostr\u00f3 tranquilo y agradecido por las muestras de apoyo recibidas.<\/p>\n\n\n\n<p>Malag\u00f3n aprovech\u00f3 el momento para enviar un mensaje de agradecimiento a compa\u00f1eros de profesi\u00f3n, aficionados y equipos rivales que le han expresado su respaldo tras la lesi\u00f3n. El arquero mencion\u00f3 a otros porteros de la Selecci\u00f3n Mexicana, como Carlos Acevedo, Alfredo Talavera y Guillermo Ochoa, quienes le hicieron llegar mensajes de \u00e1nimo.<\/p>\n\n\n\n<p>Horas m\u00e1s tarde, el Club Am\u00e9rica inform\u00f3 mediante un comunicado oficial que el procedimiento quir\u00fargico para reparar el tend\u00f3n de Aquiles fue realizado con \u00e9xito. El futbolista ahora iniciar\u00e1 su proceso de rehabilitaci\u00f3n bajo supervisi\u00f3n m\u00e9dica.<\/p>\n\n\n\n<p>De acuerdo con el reporte del club, el tiempo estimado de recuperaci\u00f3n ser\u00e1 de entre seis y ocho meses, periodo en el que el guardameta deber\u00e1 completar su recuperaci\u00f3n antes de volver a la actividad profesional.<\/p>\n\n\n\n<p>La lesi\u00f3n dejar\u00e1 a Malag\u00f3n fuera del resto del Clausura 2026, la Leagues Cup 2026 y una parte del Apertura 2026. Adem\u00e1s, el arquero queda descartado para disputar la Copa Mundial de la FIFA 2026 con la Selecci\u00f3n Mexicana.<\/p>\n","protected":false},"excerpt":{"rendered":"<p>El portero del Club Am\u00e9rica, Luis \u00c1ngel Malag\u00f3n, ofreci\u00f3 sus primeras declaraciones p\u00fablicas luego de confirmarse la ruptura del tend\u00f3n de Aquiles que sufri\u00f3 recientemente. El guardameta habl\u00f3 ante los medios a su llegada al aeropuerto de Guadalajara, donde se mostr\u00f3 tranquilo y agradecido por las muestras de apoyo recibidas. Malag\u00f3n aprovech\u00f3 el momento para [&hellip;]<\/p>\n","protected":false},"author":2,"featured_media":101586,"comment_status":"closed","ping_status":"closed","sticky":false,"template":"","format":"standard","meta":{"footnotes":""},"categories":[38],"tags":[],"class_list":["post-101583","post","type-post","status-publish","format-standard","has-post-thumbnail","hentry","category-deportes"],"_links":{"self":[{"href":"https:\/\/elinformante.mx\/index.php?rest_route=\/wp\/v2\/posts\/101583","targetHints":{"allow":["GET"]}}],"collection":[{"href":"https:\/\/elinformante.mx\/index.php?rest_route=\/wp\/v2\/posts"}],"about":[{"href":"https:\/\/elinformante.mx\/index.php?rest_route=\/wp\/v2\/types\/post"}],"author":[{"embeddable":true,"href":"https:\/\/elinformante.mx\/index.php?rest_route=\/wp\/v2\/users\/2"}],"replies":[{"embeddable":true,"href":"https:\/\/elinformante.mx\/index.php?rest_route=%2Fwp%2Fv2%2Fcomments&post=101583"}],"version-history":[{"count":0,"href":"https:\/\/elinformante.mx\/index.php?rest_route=\/wp\/v2\/posts\/101583\/revisions"}],"wp:featuredmedia":[{"embeddable":true,"href":"https:\/\/elinformante.mx\/index.php?rest_route=\/wp\/v2\/media\/101586"}],"wp:attachment":[{"href":"https:\/\/elinformante.mx\/index.php?rest_route=%2Fwp%2Fv2%2Fmedia&parent=101583"}],"wp:term":[{"taxonomy":"category","embeddable":true,"href":"https:\/\/elinformante.mx\/index.php?rest_route=%2Fwp%2Fv2%2Fcategories&post=101583"},{"taxonomy":"post_tag","embeddable":true,"href":"https:\/\/elinformante.mx\/index.php?rest_route=%2Fwp%2Fv2%2Ftags&post=101583"}],"curies":[{"name":"wp","href":"https:\/\/api.w.org\/{rel}","templated":true}]}}