{"id":101589,"date":"2026-03-13T06:15:22","date_gmt":"2026-03-13T12:15:22","guid":{"rendered":"https:\/\/elinformante.mx\/?p=101589"},"modified":"2026-03-13T06:15:26","modified_gmt":"2026-03-13T12:15:26","slug":"k-pop-demon-hunters-tendra-segunda-parte","status":"publish","type":"post","link":"https:\/\/elinformante.mx\/?p=101589","title":{"rendered":"K-pop Demon Hunters tendr\u00e1 segunda parte"},"content":{"rendered":"\n<figure class=\"wp-block-pullquote\"><blockquote><p>-La secuela de la cinta ser\u00e1 nuevamente dirigida por Maggie Kang y Chris Appelhans.<\/p><\/blockquote><\/figure>\n\n\n\n<p class=\"has-drop-cap\">Netflix lo hizo de nuevo, confirma la producci\u00f3n de la secuela de \u201cK-pop Demon Hunters\u201d. De esta manera vuelve a expandir el universo de la pel\u00edcula animada m\u00e1s vista de la plataforma hasta ahora.<br><\/p>\n\n\n\n<p>La producci\u00f3n a\u00fan no tiene fecha de estreno, pero s\u00ed se ha confirmado que estar\u00e1 a cargo de Maggie Kang y Chris Appelhans, mientras que Sony Pictures Animation se encargar\u00e1 de animar la historia de Rumi, Zoey y Mira.<br><\/p>\n\n\n\n<p>En el comunicado oficial, la directora de contenido de Netflix, Bela Bajaria se\u00f1al\u00f3: Con \u201cK-pop Demon Hunters\u201d, \u201cMaggie y Chris no solo llegaron al p\u00fablico, sino que despertaron una comunidad de seguidores global que trascendi\u00f3 idiomas, rompi\u00f3 la brecha generacional y los g\u00e9neros musicales\u201d.<br><\/p>\n\n\n\n<p>Recalc\u00f3: \u201cEstamos sumamente orgullosos de profundizar nuestra colaboraci\u00f3n con ellos y, junto con nuestros socios de Sony Pictures Animation, construir este universo de maneras que sorprender\u00e1 y deleitar\u00e1 a los seguidores\u201d, agreg\u00f3.<br><\/p>\n\n\n\n<figure class=\"wp-block-image size-large\"><img fetchpriority=\"high\" decoding=\"async\" width=\"1024\" height=\"506\" src=\"https:\/\/elinformante.mx\/wp-content\/uploads\/2026\/03\/15KPOP-1024x506.jpg\" alt=\"\" class=\"wp-image-101597\" srcset=\"https:\/\/elinformante.mx\/wp-content\/uploads\/2026\/03\/15KPOP-1024x506.jpg 1024w, https:\/\/elinformante.mx\/wp-content\/uploads\/2026\/03\/15KPOP-300x148.jpg 300w, https:\/\/elinformante.mx\/wp-content\/uploads\/2026\/03\/15KPOP-768x379.jpg 768w, https:\/\/elinformante.mx\/wp-content\/uploads\/2026\/03\/15KPOP.jpg 1140w\" sizes=\"(max-width: 1024px) 100vw, 1024px\" \/><\/figure>\n\n\n\n<p>La secuela del largometraje animado se confirma tras varios meses de especulaciones sobre una posible extensi\u00f3n del fen\u00f3meno de las Guerreras K-pop, que se ha convertido en un \u00e9xito en la plataforma, coron\u00e1ndose como la producci\u00f3n animada m\u00e1s vista de la historia.<br><\/p>\n\n\n\n<p>En un principio se hab\u00eda negado su continuaci\u00f3n debido a que la producci\u00f3n tardar\u00eda mucho tiempo. Pero tras muchas pl\u00e1ticas, se logr\u00f3 llegar a un acuerdo, se\u00f1alando que las personas son como una gran familia para todos, convirtiendo su mundo en un segundo hogar para toda la producci\u00f3n. \u201cNos entusiasma escribir su pr\u00f3ximo cap\u00edtulo, desafiarlos y verlos evolucionar, y seguir ampliando los l\u00edmites de la integraci\u00f3n entre la m\u00fasica, la animaci\u00f3n y la historia\u201d, dijo Appelhans.<br><\/p>\n\n\n\n<p>La pel\u00edcula sobre un grupo femenino de K-pop, que persigue demonios mientras equilibran sus vidas bajo los focos del espect\u00e1culo, ha consolidado a la industria del K-pop como un fen\u00f3meno cultural global que va mucho m\u00e1s all\u00e1 de la m\u00fasica.<br><\/p>\n\n\n\n<p>La canci\u00f3n \u201cGolden\u201d, del grupo ficticio del filme HUNTR\/X, super\u00f3 los 100 millones de reproducciones semanales en todo el mundo por primera vez, seg\u00fan Billboard.<br><\/p>\n\n\n\n<p>\u201cComo cineasta coreana, me siento inmensamente orgullosa de que el p\u00fablico quiera m\u00e1s de esta historia y de nuestros personajes coreanos. Hay much\u00edsimo m\u00e1s en este mundo que hemos creado y estoy emocionada de mostr\u00e1rselo. Esto es s\u00f3lo el principio\u201d, afirm\u00f3 Kang.<\/p>\n","protected":false},"excerpt":{"rendered":"<p>-La secuela de la cinta ser\u00e1 nuevamente dirigida por Maggie Kang y Chris Appelhans. Netflix lo hizo de nuevo, confirma la producci\u00f3n de la secuela de \u201cK-pop Demon Hunters\u201d. De esta manera vuelve a expandir el universo de la pel\u00edcula animada m\u00e1s vista de la plataforma hasta ahora. La producci\u00f3n a\u00fan no tiene fecha de [&hellip;]<\/p>\n","protected":false},"author":1,"featured_media":101596,"comment_status":"closed","ping_status":"closed","sticky":false,"template":"","format":"standard","meta":{"footnotes":""},"categories":[30,39],"tags":[],"class_list":["post-101589","post","type-post","status-publish","format-standard","has-post-thumbnail","hentry","category-destacado","category-espectaculos"],"_links":{"self":[{"href":"https:\/\/elinformante.mx\/index.php?rest_route=\/wp\/v2\/posts\/101589","targetHints":{"allow":["GET"]}}],"collection":[{"href":"https:\/\/elinformante.mx\/index.php?rest_route=\/wp\/v2\/posts"}],"about":[{"href":"https:\/\/elinformante.mx\/index.php?rest_route=\/wp\/v2\/types\/post"}],"author":[{"embeddable":true,"href":"https:\/\/elinformante.mx\/index.php?rest_route=\/wp\/v2\/users\/1"}],"replies":[{"embeddable":true,"href":"https:\/\/elinformante.mx\/index.php?rest_route=%2Fwp%2Fv2%2Fcomments&post=101589"}],"version-history":[{"count":0,"href":"https:\/\/elinformante.mx\/index.php?rest_route=\/wp\/v2\/posts\/101589\/revisions"}],"wp:featuredmedia":[{"embeddable":true,"href":"https:\/\/elinformante.mx\/index.php?rest_route=\/wp\/v2\/media\/101596"}],"wp:attachment":[{"href":"https:\/\/elinformante.mx\/index.php?rest_route=%2Fwp%2Fv2%2Fmedia&parent=101589"}],"wp:term":[{"taxonomy":"category","embeddable":true,"href":"https:\/\/elinformante.mx\/index.php?rest_route=%2Fwp%2Fv2%2Fcategories&post=101589"},{"taxonomy":"post_tag","embeddable":true,"href":"https:\/\/elinformante.mx\/index.php?rest_route=%2Fwp%2Fv2%2Ftags&post=101589"}],"curies":[{"name":"wp","href":"https:\/\/api.w.org\/{rel}","templated":true}]}}