{"id":101605,"date":"2026-03-13T06:26:08","date_gmt":"2026-03-13T12:26:08","guid":{"rendered":"https:\/\/elinformante.mx\/?p=101605"},"modified":"2026-03-13T06:26:19","modified_gmt":"2026-03-13T12:26:19","slug":"san-mateo-atenco-es-un-referente-en-igualdad-de-genero-y-empoderamiento-femenino","status":"publish","type":"post","link":"https:\/\/elinformante.mx\/?p=101605","title":{"rendered":"San Mateo Atenco es un referente en igualdad de g\u00e9nero y empoderamiento femenino"},"content":{"rendered":"\n<figure class=\"wp-block-pullquote\"><blockquote><p>-El municipio ha implementado pol\u00edticas transversales que garantizan derechos, seguridad y autonom\u00eda econ\u00f3mica para las mujeres.<\/p><\/blockquote><\/figure>\n\n\n\n<p class=\"has-drop-cap\">Con la convicci\u00f3n de construir un municipio m\u00e1s justo e incluyente, la administraci\u00f3n encabezada por la presidenta municipal Ana Aurora Mu\u00f1iz Neyra ha transformado a San Mateo Atenco en un modelo de pol\u00edtica p\u00fablica con perspectiva de g\u00e9nero, logrando un impacto que trasciende las fronteras locales.<br><\/p>\n\n\n\n<p>Desde el inicio de su gesti\u00f3n en 2022, la igualdad de g\u00e9nero dej\u00f3 de ser un discurso para convertirse en un eje transversal del Plan de Desarrollo Municipal y el Bando Municipal. Este compromiso se ha materializado en acciones hist\u00f3ricas, como la conformaci\u00f3n del primer gabinete paritario en el Estado de M\u00e9xico y la integraci\u00f3n equitativa en las autoridades auxiliares, fortaleciendo la democracia participativa en la regi\u00f3n.<br><\/p>\n\n\n\n<p>\u201cEn San Mateo Atenco seguimos trabajando con convicci\u00f3n para construir un municipio con igualdad sustantiva\u201d, afirm\u00f3 la alcaldesa. Para asegurar la continuidad de estos esfuerzos, se crearon organismos especializados como:<br><\/p>\n\n\n\n<p>El Sistema Municipal para la Igualdad de Trato y Oportunidades entre Mujeres y Hombres.<br><\/p>\n\n\n\n<p>El Sistema para la Prevenci\u00f3n y Erradicaci\u00f3n de la Violencia de G\u00e9nero.<br><\/p>\n\n\n\n<p>La visi\u00f3n de g\u00e9nero de la administraci\u00f3n abarca pilares fundamentales para el desarrollo integral de las atenquenses:<br><\/p>\n\n\n\n<p>Autonom\u00eda econ\u00f3mica: El programa Mujeres Emprendedoras Atenquenses impulsa a artesanas y productoras de calzado, brind\u00e1ndoles herramientas para su independencia financiera.<br><\/p>\n\n\n\n<p>Salud y educaci\u00f3n: Se ofrecen servicios gratuitos de atenci\u00f3n m\u00e9dica, psicol\u00f3gica y estudios de laboratorio. Asimismo, se acompa\u00f1a a mujeres adultas en la conclusi\u00f3n de sus estudios b\u00e1sicos.<br><\/p>\n\n\n\n<p>Protecci\u00f3n a la ni\u00f1ez y juventud: A trav\u00e9s de la iniciativa Unidas S\u00ed, se trabaja en un modelo integral para prevenir el embarazo temprano y garantizar que las adolescentes ejerzan plenamente sus derechos.<br><\/p>\n\n\n\n<p>Gracias a estos avances y a la adhesi\u00f3n al Compromiso de Tlatelolco, San Mateo Atenco ha ganado proyecci\u00f3n internacional. Recientemente, el municipio fue sede del Di\u00e1logo Conmemorativo del D\u00eda Internacional de la Eliminaci\u00f3n de la Violencia contra las Mujeres, evento que reuni\u00f3 a 14 alcaldesas de Am\u00e9rica Latina y el Caribe, con el respaldo de organismos como Naciones Unidas (UNDESA) y FLACMA.<\/p>\n","protected":false},"excerpt":{"rendered":"<p>-El municipio ha implementado pol\u00edticas transversales que garantizan derechos, seguridad y autonom\u00eda econ\u00f3mica para las mujeres. Con la convicci\u00f3n de construir un municipio m\u00e1s justo e incluyente, la administraci\u00f3n encabezada por la presidenta municipal Ana Aurora Mu\u00f1iz Neyra ha transformado a San Mateo Atenco en un modelo de pol\u00edtica p\u00fablica con perspectiva de g\u00e9nero, logrando [&hellip;]<\/p>\n","protected":false},"author":1,"featured_media":101608,"comment_status":"closed","ping_status":"closed","sticky":false,"template":"","format":"standard","meta":{"footnotes":""},"categories":[30,36],"tags":[],"class_list":["post-101605","post","type-post","status-publish","format-standard","has-post-thumbnail","hentry","category-destacado","category-edomex"],"_links":{"self":[{"href":"https:\/\/elinformante.mx\/index.php?rest_route=\/wp\/v2\/posts\/101605","targetHints":{"allow":["GET"]}}],"collection":[{"href":"https:\/\/elinformante.mx\/index.php?rest_route=\/wp\/v2\/posts"}],"about":[{"href":"https:\/\/elinformante.mx\/index.php?rest_route=\/wp\/v2\/types\/post"}],"author":[{"embeddable":true,"href":"https:\/\/elinformante.mx\/index.php?rest_route=\/wp\/v2\/users\/1"}],"replies":[{"embeddable":true,"href":"https:\/\/elinformante.mx\/index.php?rest_route=%2Fwp%2Fv2%2Fcomments&post=101605"}],"version-history":[{"count":0,"href":"https:\/\/elinformante.mx\/index.php?rest_route=\/wp\/v2\/posts\/101605\/revisions"}],"wp:featuredmedia":[{"embeddable":true,"href":"https:\/\/elinformante.mx\/index.php?rest_route=\/wp\/v2\/media\/101608"}],"wp:attachment":[{"href":"https:\/\/elinformante.mx\/index.php?rest_route=%2Fwp%2Fv2%2Fmedia&parent=101605"}],"wp:term":[{"taxonomy":"category","embeddable":true,"href":"https:\/\/elinformante.mx\/index.php?rest_route=%2Fwp%2Fv2%2Fcategories&post=101605"},{"taxonomy":"post_tag","embeddable":true,"href":"https:\/\/elinformante.mx\/index.php?rest_route=%2Fwp%2Fv2%2Ftags&post=101605"}],"curies":[{"name":"wp","href":"https:\/\/api.w.org\/{rel}","templated":true}]}}