{"id":101617,"date":"2026-03-13T06:52:44","date_gmt":"2026-03-13T12:52:44","guid":{"rendered":"https:\/\/elinformante.mx\/?p=101617"},"modified":"2026-03-13T06:52:49","modified_gmt":"2026-03-13T12:52:49","slug":"organo-de-administracion-judicial-emprende-acciones-de-modernizacion-del-pjedomex","status":"publish","type":"post","link":"https:\/\/elinformante.mx\/?p=101617","title":{"rendered":"\u00d3rgano de Administraci\u00f3n Judicial emprende acciones de modernizaci\u00f3n del PJEdom\u00e9x"},"content":{"rendered":"\n<figure class=\"wp-block-pullquote\"><blockquote><p>-Se aprobaron el Protocolo de Medidas de Seguridad y Vigilancia y el curso te\u00f3rico-pr\u00e1ctico en materia familiar.<\/p><\/blockquote><\/figure>\n\n\n\n<p class=\"has-drop-cap\">A fin de continuar avanzando en la modernizaci\u00f3n del funcionamiento interno del Poder Judicial del Estado de M\u00e9xico, as\u00ed como consolidar una administraci\u00f3n moderna, eficiente y comprometida con el fortalecimiento de la impartici\u00f3n de justicia, el Pleno del \u00d3rgano de Administraci\u00f3n Judicial aprob\u00f3 acuerdos relacionados, entre otros temas, con la seguridad e integridad de usuarias y usuarios, as\u00ed como de personal judicial que se desempe\u00f1a en los edificios del PJEdom\u00e9x.<br><\/p>\n\n\n\n<p>El Pleno del OAJ, presidido por el Magistrado Fernando D\u00edaz Ju\u00e1rez, celebr\u00f3 una sesi\u00f3n ordinaria con la asistencia del Magistrado H\u00e9ctor Macedo Garc\u00eda, Presidente del Tribunal Superior de Justicia, y de la Magistrada Maricela Reyes Hern\u00e1ndez, Presidenta del Tribunal de Disciplina Judicial, invitados permanentes.<br><\/p>\n\n\n\n<p>El primero de los puntos fue el Protocolo de Implementaci\u00f3n de Medidas de Seguridad y Vigilancia del PJEdom\u00e9x que considera en un solo mecanismo, medidas preventivas y operativas como controles de acceso, vigilancia, sistemas de videovigilancia, ciberseguridad, evaluaci\u00f3n de riesgos, protocolos de actuaci\u00f3n ante emergencias y mecanismos de protecci\u00f3n para personas juzgadoras, cuando exista riesgo fundado, con el objetivo de salvaguardar la seguridad e integridad de usuarias y usuarios, as\u00ed como del propio personal.<br><\/p>\n\n\n\n<p>Adem\u00e1s, para fortalecer las acciones de la Estrategia Integral de Impartici\u00f3n de Justicia Familiar, las y los magistrados aprobaron el curso te\u00f3rico-pr\u00e1ctico, a fin de fortalecer las habilidades de las t\u00e9cnicas y t\u00e9cnicos judiciales que permitan abatir el rezago y elevar la productividad de las resoluciones en materia familiar, la que mayor atenci\u00f3n demanda en el Tribunal Superior de Justicia.<br><\/p>\n\n\n\n<p>Esta capacitaci\u00f3n ser\u00e1 impartida por la Escuela Judicial y forma parte de una pol\u00edtica central del Poder Judicial mexiquense alineada al Plan de Desarrollo 2025-2027, que establece como prioridad consolidar a la instituci\u00f3n como confiable y coherente, basado en aspectos de formaci\u00f3n y profesionalizaci\u00f3n de su personal.<br><\/p>\n\n\n\n<p>Se aprob\u00f3 la Quinta Edici\u00f3n de la Gu\u00eda T\u00e9cnica para Elaboraci\u00f3n y Actualizaci\u00f3n de Manuales de Procesos y de Normas de Administraci\u00f3n, instrumento que permitir\u00e1 modernizar y homologar los procedimientos internos, establecer criterios t\u00e9cnicos y metodol\u00f3gicos para que los \u00f3rganos jurisdiccionales y las \u00e1reas administrativas documenten, revisen y mejoren sus procesos de trabajo, a fin de fortalecer la eficiencia operativa, optimizar recursos y consolidar mejores pr\u00e1cticas administrativas.<br><\/p>\n\n\n\n<p>La nueva edici\u00f3n incorpora herramientas de evaluaci\u00f3n de procesos que facilitar\u00e1n la mejora continua de las actividades institucionales, contribuyendo a una gesti\u00f3n m\u00e1s ordenada, transparente y orientada a resultados.<\/p>\n","protected":false},"excerpt":{"rendered":"<p>-Se aprobaron el Protocolo de Medidas de Seguridad y Vigilancia y el curso te\u00f3rico-pr\u00e1ctico en materia familiar. A fin de continuar avanzando en la modernizaci\u00f3n del funcionamiento interno del Poder Judicial del Estado de M\u00e9xico, as\u00ed como consolidar una administraci\u00f3n moderna, eficiente y comprometida con el fortalecimiento de la impartici\u00f3n de justicia, el Pleno del [&hellip;]<\/p>\n","protected":false},"author":1,"featured_media":101621,"comment_status":"closed","ping_status":"closed","sticky":false,"template":"","format":"standard","meta":{"footnotes":""},"categories":[36],"tags":[],"class_list":["post-101617","post","type-post","status-publish","format-standard","has-post-thumbnail","hentry","category-edomex"],"_links":{"self":[{"href":"https:\/\/elinformante.mx\/index.php?rest_route=\/wp\/v2\/posts\/101617","targetHints":{"allow":["GET"]}}],"collection":[{"href":"https:\/\/elinformante.mx\/index.php?rest_route=\/wp\/v2\/posts"}],"about":[{"href":"https:\/\/elinformante.mx\/index.php?rest_route=\/wp\/v2\/types\/post"}],"author":[{"embeddable":true,"href":"https:\/\/elinformante.mx\/index.php?rest_route=\/wp\/v2\/users\/1"}],"replies":[{"embeddable":true,"href":"https:\/\/elinformante.mx\/index.php?rest_route=%2Fwp%2Fv2%2Fcomments&post=101617"}],"version-history":[{"count":0,"href":"https:\/\/elinformante.mx\/index.php?rest_route=\/wp\/v2\/posts\/101617\/revisions"}],"wp:featuredmedia":[{"embeddable":true,"href":"https:\/\/elinformante.mx\/index.php?rest_route=\/wp\/v2\/media\/101621"}],"wp:attachment":[{"href":"https:\/\/elinformante.mx\/index.php?rest_route=%2Fwp%2Fv2%2Fmedia&parent=101617"}],"wp:term":[{"taxonomy":"category","embeddable":true,"href":"https:\/\/elinformante.mx\/index.php?rest_route=%2Fwp%2Fv2%2Fcategories&post=101617"},{"taxonomy":"post_tag","embeddable":true,"href":"https:\/\/elinformante.mx\/index.php?rest_route=%2Fwp%2Fv2%2Ftags&post=101617"}],"curies":[{"name":"wp","href":"https:\/\/api.w.org\/{rel}","templated":true}]}}