{"id":101620,"date":"2026-03-13T06:55:16","date_gmt":"2026-03-13T12:55:16","guid":{"rendered":"https:\/\/elinformante.mx\/?p=101620"},"modified":"2026-03-13T06:55:21","modified_gmt":"2026-03-13T12:55:21","slug":"uaemex-impulsa-dialogo-para-fortalecer-al-sector-mezcalero-mexiquense","status":"publish","type":"post","link":"https:\/\/elinformante.mx\/?p=101620","title":{"rendered":"UAEM\u00e9x impulsa di\u00e1logo para fortalecer al sector mezcalero mexiquense"},"content":{"rendered":"\n<figure class=\"wp-block-pullquote\"><blockquote><p>-Durante el 12\u00ba Foro Regional de Agave y Mezcal Mexiquense, especialistas, productores y autoridades analizaron los desaf\u00edos y oportunidades.<\/p><\/blockquote><\/figure>\n\n\n\n<p class=\"has-drop-cap\">En el municipio de Ixtapan de la Sal, la Universidad Aut\u00f3noma del Estado de M\u00e9xico (UAEM\u00e9x) realiz\u00f3 el 12.\u00b0 Foro Regional de Agave y Mezcal Mexiquense \u201cNormatividad y certificaci\u00f3n de calidad para la denominaci\u00f3n de origen del mezcal\u201d, un espacio de di\u00e1logo entre academia, productores y autoridades orientado a fortalecer el desarrollo del sector mezcalero en la entidad.<br><\/p>\n\n\n\n<p>El encuentro reuni\u00f3 a representantes de instituciones p\u00fablicas, organizaciones productoras y acad\u00e9micas, entre ellas el NODESS Desarrollo Regional del Mezcal en el Estado de M\u00e9xico, el Ayuntamiento de Ixtapan de la Sal, la Universidad Mexiquense del Bicentenario y el Instituto Mexiquense del Emprendedor.<br><\/p>\n\n\n\n<p>Durante la jornada, los participantes reflexionaron sobre los retos y oportunidades derivados de la reciente obtenci\u00f3n de la denominaci\u00f3n de origen del mezcal para 15 municipios mexiquenses: Almoloya de Alquisiras, Amatepec, Coatepec Harinas, Ixtapan de la Sal, Luvianos, Malinalco, Ocuilan, Sultepec, Tejupilco, Tenancingo, Tlatlaya, Tonatico, Villa Guerrero, Zacualpan y Zumpahuac\u00e1n.<br><\/p>\n\n\n\n<p>En representaci\u00f3n de la rectora de la UAEM\u00e9x, Martha Patricia Zarza Delgado, y ante la presidenta municipal de Ixtapan de la Sal y anfitriona regional, Jessica Rosal\u00edo Embriz, el secretario acad\u00e9mico, Francisco Herrera Tapia, destac\u00f3 el papel de la universidad en la articulaci\u00f3n entre conocimiento, territorio y desarrollo social.<br><\/p>\n\n\n\n<p>En la Plaza Maclovia de este municipio, subray\u00f3 que este foro representa una nueva etapa de madurez institucional, al reconocer que el conocimiento t\u00e9cnico, la organizaci\u00f3n social y la responsabilidad ambiental constituyen pilares fundamentales para impulsar un desarrollo regional m\u00e1s s\u00f3lido.<br><\/p>\n\n\n\n<p>Por su parte, la directora del Centro Universitario UAEM Tenancingo, Luz Mar\u00eda Robles Fern\u00e1ndez, se\u00f1al\u00f3 que la obtenci\u00f3n de la denominaci\u00f3n de origen implica una responsabilidad compartida entre todos los actores vinculados con el agave y el mezcal mexiquense para consolidar este sector productivo.<br><\/p>\n\n\n\n<p>A\u00f1adi\u00f3 que dicho reconocimiento no solo fortalece la actividad econ\u00f3mica, sino que tambi\u00e9n protege territorios, tradiciones y saberes transmitidos de generaci\u00f3n en generaci\u00f3n.<br><\/p>\n\n\n\n<p>Durante la inauguraci\u00f3n, el productor de agave Juan Manuel Olivares Aguilar destac\u00f3 que la denominaci\u00f3n de origen abre nuevas oportunidades para posicionar al mezcal mexiquense en el mercado, respaldado por su compromiso con la calidad. Asimismo, subray\u00f3 que el crecimiento del sector debe colocar en el centro a las comunidades productoras y al cuidado del territorio.<br><\/p>\n\n\n\n<p>Con la realizaci\u00f3n de este foro, la UAEM\u00e9x ratifica su compromiso con la generaci\u00f3n de espacios de di\u00e1logo, intercambio de experiencias y an\u00e1lisis en torno a la certificaci\u00f3n de calidad y la normatividad vinculada con la denominaci\u00f3n de origen del mezcal, en beneficio del desarrollo regional y de la sociedad mexiquense.<\/p>\n","protected":false},"excerpt":{"rendered":"<p>-Durante el 12\u00ba Foro Regional de Agave y Mezcal Mexiquense, especialistas, productores y autoridades analizaron los desaf\u00edos y oportunidades. En el municipio de Ixtapan de la Sal, la Universidad Aut\u00f3noma del Estado de M\u00e9xico (UAEM\u00e9x) realiz\u00f3 el 12.\u00b0 Foro Regional de Agave y Mezcal Mexiquense \u201cNormatividad y certificaci\u00f3n de calidad para la denominaci\u00f3n de origen [&hellip;]<\/p>\n","protected":false},"author":1,"featured_media":101623,"comment_status":"closed","ping_status":"closed","sticky":false,"template":"","format":"standard","meta":{"footnotes":""},"categories":[30,36],"tags":[],"class_list":["post-101620","post","type-post","status-publish","format-standard","has-post-thumbnail","hentry","category-destacado","category-edomex"],"_links":{"self":[{"href":"https:\/\/elinformante.mx\/index.php?rest_route=\/wp\/v2\/posts\/101620","targetHints":{"allow":["GET"]}}],"collection":[{"href":"https:\/\/elinformante.mx\/index.php?rest_route=\/wp\/v2\/posts"}],"about":[{"href":"https:\/\/elinformante.mx\/index.php?rest_route=\/wp\/v2\/types\/post"}],"author":[{"embeddable":true,"href":"https:\/\/elinformante.mx\/index.php?rest_route=\/wp\/v2\/users\/1"}],"replies":[{"embeddable":true,"href":"https:\/\/elinformante.mx\/index.php?rest_route=%2Fwp%2Fv2%2Fcomments&post=101620"}],"version-history":[{"count":0,"href":"https:\/\/elinformante.mx\/index.php?rest_route=\/wp\/v2\/posts\/101620\/revisions"}],"wp:featuredmedia":[{"embeddable":true,"href":"https:\/\/elinformante.mx\/index.php?rest_route=\/wp\/v2\/media\/101623"}],"wp:attachment":[{"href":"https:\/\/elinformante.mx\/index.php?rest_route=%2Fwp%2Fv2%2Fmedia&parent=101620"}],"wp:term":[{"taxonomy":"category","embeddable":true,"href":"https:\/\/elinformante.mx\/index.php?rest_route=%2Fwp%2Fv2%2Fcategories&post=101620"},{"taxonomy":"post_tag","embeddable":true,"href":"https:\/\/elinformante.mx\/index.php?rest_route=%2Fwp%2Fv2%2Ftags&post=101620"}],"curies":[{"name":"wp","href":"https:\/\/api.w.org\/{rel}","templated":true}]}}