{"id":101622,"date":"2026-03-13T06:57:56","date_gmt":"2026-03-13T12:57:56","guid":{"rendered":"https:\/\/elinformante.mx\/?p=101622"},"modified":"2026-03-13T06:58:02","modified_gmt":"2026-03-13T12:58:02","slug":"edomex-registro-900-suscripciones-de-voluntad-anticipada-en-2025-macarena-montoya","status":"publish","type":"post","link":"https:\/\/elinformante.mx\/?p=101622","title":{"rendered":"Edom\u00e9x registr\u00f3 900 suscripciones de voluntad anticipada en 2025: Macarena Montoya"},"content":{"rendered":"\n<figure class=\"wp-block-pullquote\"><blockquote><p>El documento reconoce el derecho de las personas a decidir sobre su atenci\u00f3n m\u00e9dica y los procedimientos que desean recibir en caso de enfermedad terminal o incapacidad.<\/p><\/blockquote><\/figure>\n\n\n\n<p class=\"has-drop-cap\">El Gobierno del Estado de M\u00e9xico, encabezado por la gobernadora Delfina G\u00f3mez \u00c1lvarez, registr\u00f3 900 suscripciones de voluntad anticipada durante 2025, como parte de las acciones que colocan el bienestar integral de las personas como principio rector de la atenci\u00f3n m\u00e9dica.<br><\/p>\n\n\n\n<p>Al encabezar la inauguraci\u00f3n del VIII Simposio de Voluntades Anticipadas en la Atenci\u00f3n M\u00e9dica, realizado en coordinaci\u00f3n con la Universidad Aut\u00f3noma del Estado de M\u00e9xico (UAEM\u00e9x), Macarena Montoya Olvera, secretaria de Salud estatal, destac\u00f3 la importancia de este documento, que reconoce el derecho de cada persona a decidir sobre su atenci\u00f3n m\u00e9dica y los procedimientos que desea recibir.<br><\/p>\n\n\n\n<p>\u201cElegir sobre nuestra salud, sobre la atenci\u00f3n m\u00e9dica que queremos recibir, los procedimientos que deseamos, pero tambi\u00e9n a elegir si no quiero ser sometido a alg\u00fan tratamiento y c\u00f3mo queremos pasar nuestros \u00faltimos d\u00edas\u201d, indic\u00f3 la funcionaria estatal.<br><\/p>\n\n\n\n<figure class=\"wp-block-image size-large\"><img fetchpriority=\"high\" decoding=\"async\" width=\"1024\" height=\"506\" src=\"https:\/\/elinformante.mx\/wp-content\/uploads\/2026\/03\/7edomex-1-1024x506.jpg\" alt=\"\" class=\"wp-image-101626\" srcset=\"https:\/\/elinformante.mx\/wp-content\/uploads\/2026\/03\/7edomex-1-1024x506.jpg 1024w, https:\/\/elinformante.mx\/wp-content\/uploads\/2026\/03\/7edomex-1-300x148.jpg 300w, https:\/\/elinformante.mx\/wp-content\/uploads\/2026\/03\/7edomex-1-768x379.jpg 768w, https:\/\/elinformante.mx\/wp-content\/uploads\/2026\/03\/7edomex-1.jpg 1140w\" sizes=\"(max-width: 1024px) 100vw, 1024px\" \/><\/figure>\n\n\n\n<p>Agreg\u00f3 que esta acci\u00f3n forma parte de los objetivos del Gobierno de la Transformaci\u00f3n, que encabeza la maestra Delfina G\u00f3mez \u00c1lvarez, que coloca a las personas en el centro de las pol\u00edticas p\u00fablicas.<br><\/p>\n\n\n\n<p>En el marco del Mes de la Voluntad Anticipada, este simposio representa un espacio de informaci\u00f3n, di\u00e1logo y reflexi\u00f3n para dar a conocer a la comunidad universitaria y a la sociedad las opciones disponibles cuando la vida enfrenta condiciones m\u00e9dicas irreversibles.<br><\/p>\n\n\n\n<p>Por su parte, Manuel Hern\u00e1ndez Salazar, Coordinador de Voluntades Anticipadas de la Secretar\u00eda de Salud, explic\u00f3 que este documento es legal, libre y gratuito en hospitales, adem\u00e1s de contar con un costo accesible en notar\u00edas. Se\u00f1al\u00f3 que suscribirlo representa un acto de responsabilidad y una decisi\u00f3n que brinda certeza a las familias en momentos complejos.<\/p>\n","protected":false},"excerpt":{"rendered":"<p>El documento reconoce el derecho de las personas a decidir sobre su atenci\u00f3n m\u00e9dica y los procedimientos que desean recibir en caso de enfermedad terminal o incapacidad. El Gobierno del Estado de M\u00e9xico, encabezado por la gobernadora Delfina G\u00f3mez \u00c1lvarez, registr\u00f3 900 suscripciones de voluntad anticipada durante 2025, como parte de las acciones que colocan [&hellip;]<\/p>\n","protected":false},"author":1,"featured_media":101625,"comment_status":"closed","ping_status":"closed","sticky":false,"template":"","format":"standard","meta":{"footnotes":""},"categories":[36],"tags":[],"class_list":["post-101622","post","type-post","status-publish","format-standard","has-post-thumbnail","hentry","category-edomex"],"_links":{"self":[{"href":"https:\/\/elinformante.mx\/index.php?rest_route=\/wp\/v2\/posts\/101622","targetHints":{"allow":["GET"]}}],"collection":[{"href":"https:\/\/elinformante.mx\/index.php?rest_route=\/wp\/v2\/posts"}],"about":[{"href":"https:\/\/elinformante.mx\/index.php?rest_route=\/wp\/v2\/types\/post"}],"author":[{"embeddable":true,"href":"https:\/\/elinformante.mx\/index.php?rest_route=\/wp\/v2\/users\/1"}],"replies":[{"embeddable":true,"href":"https:\/\/elinformante.mx\/index.php?rest_route=%2Fwp%2Fv2%2Fcomments&post=101622"}],"version-history":[{"count":0,"href":"https:\/\/elinformante.mx\/index.php?rest_route=\/wp\/v2\/posts\/101622\/revisions"}],"wp:featuredmedia":[{"embeddable":true,"href":"https:\/\/elinformante.mx\/index.php?rest_route=\/wp\/v2\/media\/101625"}],"wp:attachment":[{"href":"https:\/\/elinformante.mx\/index.php?rest_route=%2Fwp%2Fv2%2Fmedia&parent=101622"}],"wp:term":[{"taxonomy":"category","embeddable":true,"href":"https:\/\/elinformante.mx\/index.php?rest_route=%2Fwp%2Fv2%2Fcategories&post=101622"},{"taxonomy":"post_tag","embeddable":true,"href":"https:\/\/elinformante.mx\/index.php?rest_route=%2Fwp%2Fv2%2Ftags&post=101622"}],"curies":[{"name":"wp","href":"https:\/\/api.w.org\/{rel}","templated":true}]}}