{"id":101624,"date":"2026-03-13T07:00:03","date_gmt":"2026-03-13T13:00:03","guid":{"rendered":"https:\/\/elinformante.mx\/?p=101624"},"modified":"2026-03-13T07:00:08","modified_gmt":"2026-03-13T13:00:08","slug":"partidos-podrian-enfrentar-un-alto-costo-politico-por-frenar-la-reforma-electoral-horacio-duarte","status":"publish","type":"post","link":"https:\/\/elinformante.mx\/?p=101624","title":{"rendered":"Partidos podr\u00edan enfrentar un alto costo pol\u00edtico por frenar la Reforma Electoral: Horacio Duarte"},"content":{"rendered":"\n<figure class=\"wp-block-pullquote\"><blockquote><p>-Opin\u00f3 que algunos partidos aliados de Morena estar\u00edan cometiendo un error al oponerse a la iniciativa.<\/p><\/blockquote><\/figure>\n\n\n\n<p class=\"has-drop-cap\">Para el secretario general de Gobierno del Estado de M\u00e9xico, Horacio Duarte Olivares, los partidos que votaron en contra de la reforma electoral podr\u00edan enfrentar un costo pol\u00edtico, al considerar que existe un amplio respaldo ciudadano para reducir el costo de las elecciones en el pa\u00eds.<br><\/p>\n\n\n\n<p>Se\u00f1al\u00f3 que la iniciativa, impulsada por la presidenta Claudia Sheinbaum, representaba una oportunidad para ajustar el sistema electoral y hacerlo m\u00e1s eficiente en el uso de los recursos p\u00fablicos.<br><\/p>\n\n\n\n<p>Sostuvo que esta era una oportunidad para el pa\u00eds, para poder darle un ajuste al sistema electoral, adem\u00e1s de garantizar que haya elecciones m\u00e1s baratas. \u201cLa gente quiere que los procesos electorales cuesten menos\u201d, sostuvo.<br><\/p>\n\n\n\n<p>Record\u00f3 que, de acuerdo con lo expresado por la mandataria federal, cerca del 80% de los ciudadanos respalda la idea de reducir el gasto electoral, por lo que consider\u00f3 lamentable que la reforma no alcanzara la mayor\u00eda necesaria en el Congreso.<br><\/p>\n\n\n\n<p>Duarte Olivares opin\u00f3 que algunos partidos aliados de Morena estar\u00edan cometiendo un error al oponerse a la iniciativa, ya que tienen un c\u00e1lculo pol\u00edtico equivocado y una lectura equivocada de lo que la gente quiere, afirm\u00f3.<br><\/p>\n\n\n\n<p>Sin embargo, descart\u00f3 que esta diferencia represente una ruptura en la alianza pol\u00edtica rumbo a las elecciones de 2027, al recordar que existe un acuerdo nacional para mantener la coalici\u00f3n.<br><\/p>\n\n\n\n<p>Indic\u00f3 que el modelo que fue discutido a nivel nacional, basado en una combinaci\u00f3n de listas plurinominales y primeras minor\u00edas, ya opera desde hace a\u00f1os en la entidad mexiquense, por lo que los ajustes locales ser\u00edan menores.<br><\/p>\n\n\n\n<p>\u201cEse modelo ya lo tenemos en el Estado de M\u00e9xico desde hace mucho tiempo, por lo que no habr\u00eda que hacer grandes modificaciones\u201d, precis\u00f3.<br><\/p>\n\n\n\n<p>Duarte Olivares destac\u00f3 que mantiene di\u00e1logo permanente con dirigentes de distintos partidos, entre ellos el l\u00edder del Partido Verde en el estado, Jos\u00e9 Alberto Couttolenc Buentello, as\u00ed como con representantes de otras fuerzas pol\u00edticas.<\/p>\n","protected":false},"excerpt":{"rendered":"<p>-Opin\u00f3 que algunos partidos aliados de Morena estar\u00edan cometiendo un error al oponerse a la iniciativa. Para el secretario general de Gobierno del Estado de M\u00e9xico, Horacio Duarte Olivares, los partidos que votaron en contra de la reforma electoral podr\u00edan enfrentar un costo pol\u00edtico, al considerar que existe un amplio respaldo ciudadano para reducir el [&hellip;]<\/p>\n","protected":false},"author":1,"featured_media":101628,"comment_status":"closed","ping_status":"closed","sticky":false,"template":"","format":"standard","meta":{"footnotes":""},"categories":[30,36],"tags":[],"class_list":["post-101624","post","type-post","status-publish","format-standard","has-post-thumbnail","hentry","category-destacado","category-edomex"],"_links":{"self":[{"href":"https:\/\/elinformante.mx\/index.php?rest_route=\/wp\/v2\/posts\/101624","targetHints":{"allow":["GET"]}}],"collection":[{"href":"https:\/\/elinformante.mx\/index.php?rest_route=\/wp\/v2\/posts"}],"about":[{"href":"https:\/\/elinformante.mx\/index.php?rest_route=\/wp\/v2\/types\/post"}],"author":[{"embeddable":true,"href":"https:\/\/elinformante.mx\/index.php?rest_route=\/wp\/v2\/users\/1"}],"replies":[{"embeddable":true,"href":"https:\/\/elinformante.mx\/index.php?rest_route=%2Fwp%2Fv2%2Fcomments&post=101624"}],"version-history":[{"count":0,"href":"https:\/\/elinformante.mx\/index.php?rest_route=\/wp\/v2\/posts\/101624\/revisions"}],"wp:featuredmedia":[{"embeddable":true,"href":"https:\/\/elinformante.mx\/index.php?rest_route=\/wp\/v2\/media\/101628"}],"wp:attachment":[{"href":"https:\/\/elinformante.mx\/index.php?rest_route=%2Fwp%2Fv2%2Fmedia&parent=101624"}],"wp:term":[{"taxonomy":"category","embeddable":true,"href":"https:\/\/elinformante.mx\/index.php?rest_route=%2Fwp%2Fv2%2Fcategories&post=101624"},{"taxonomy":"post_tag","embeddable":true,"href":"https:\/\/elinformante.mx\/index.php?rest_route=%2Fwp%2Fv2%2Ftags&post=101624"}],"curies":[{"name":"wp","href":"https:\/\/api.w.org\/{rel}","templated":true}]}}