{"id":101627,"date":"2026-03-13T07:04:55","date_gmt":"2026-03-13T13:04:55","guid":{"rendered":"https:\/\/elinformante.mx\/?p=101627"},"modified":"2026-03-13T07:05:05","modified_gmt":"2026-03-13T13:05:05","slug":"edomex-registro-la-menor-incidencia-en-extorsion-en-los-ultimos-ocho-anos","status":"publish","type":"post","link":"https:\/\/elinformante.mx\/?p=101627","title":{"rendered":"Edom\u00e9x registr\u00f3 la menor incidencia en extorsi\u00f3n en los \u00faltimos ocho a\u00f1os"},"content":{"rendered":"\n<figure class=\"wp-block-pullquote\"><blockquote><p>-Destaca la Fiscal\u00eda mexiquense una tendencia a la baja de este il\u00edcito; en 2025 cerr\u00f3 con una disminuci\u00f3n del 37% en comparaci\u00f3n con 2024.<\/p><\/blockquote><\/figure>\n\n\n\n<p class=\"has-drop-cap\">Resultado de la estrategia nacional contra la extorsi\u00f3n, enero y febrero del presente a\u00f1o fue el bimestre que report\u00f3 menor incidencia de este il\u00edcito desde 2019, inform\u00f3 la Fiscal\u00eda General de Justicia de la entidad (FGJEM) durante la Mesa de Paz que diariamente encabeza la gobernadora Delfina G\u00f3mez \u00c1lvarez.<br><\/p>\n\n\n\n<p>De acuerdo con informaci\u00f3n de la Fiscal\u00eda, los primeros dos meses de este a\u00f1o registraron un total de 231 casos, en comparaci\u00f3n con los 306 reportados en 2019.<br><\/p>\n\n\n\n<p>En el informe, la dependencia detall\u00f3 que la entidad mantiene una tendencia a la baja en este delito, al cerrar 2025 con una disminuci\u00f3n del 37 por ciento en comparaci\u00f3n con 2024, derivado de las acciones impulsadas por los tres \u00f3rdenes de gobierno y de la Operaci\u00f3n Liberaci\u00f3n, realizada el 21 de julio pasado en 14 municipios.<br><\/p>\n\n\n\n<p>El Gobierno del Estado de M\u00e9xico exhorta a la poblaci\u00f3n a denunciar a la L\u00ednea Nacional 089 cualquier intento de fraude o extorsi\u00f3n, as\u00ed como a evitar realizar dep\u00f3sitos o transferencias ante llamadas sospechosas.<br><\/p>\n\n\n\n<p>En la Mesa de Paz n\u00famero 46 participaron Horacio Duarte Olivares, Secretario General de Gobierno; H\u00e9ctor Macedo Garc\u00eda, Presidente del Tribunal Superior de Justicia del Estado de M\u00e9xico; Crist\u00f3bal Casta\u00f1eda Camarillo, Secretario de Seguridad; Maricela L\u00f3pez Urbina, Secretaria T\u00e9cnica de la Mesa de Paz; Jos\u00e9 Luis Cervantes Mart\u00ednez, Fiscal General de Justicia del Estado de M\u00e9xico; as\u00ed como representantes de Defensa, Marina, Guardia Nacional y del Centro Nacional de Inteligencia.<\/p>\n","protected":false},"excerpt":{"rendered":"<p>-Destaca la Fiscal\u00eda mexiquense una tendencia a la baja de este il\u00edcito; en 2025 cerr\u00f3 con una disminuci\u00f3n del 37% en comparaci\u00f3n con 2024. Resultado de la estrategia nacional contra la extorsi\u00f3n, enero y febrero del presente a\u00f1o fue el bimestre que report\u00f3 menor incidencia de este il\u00edcito desde 2019, inform\u00f3 la Fiscal\u00eda General de [&hellip;]<\/p>\n","protected":false},"author":1,"featured_media":101630,"comment_status":"closed","ping_status":"closed","sticky":false,"template":"","format":"standard","meta":{"footnotes":""},"categories":[30,36,31],"tags":[],"class_list":["post-101627","post","type-post","status-publish","format-standard","has-post-thumbnail","hentry","category-destacado","category-edomex","category-portada"],"_links":{"self":[{"href":"https:\/\/elinformante.mx\/index.php?rest_route=\/wp\/v2\/posts\/101627","targetHints":{"allow":["GET"]}}],"collection":[{"href":"https:\/\/elinformante.mx\/index.php?rest_route=\/wp\/v2\/posts"}],"about":[{"href":"https:\/\/elinformante.mx\/index.php?rest_route=\/wp\/v2\/types\/post"}],"author":[{"embeddable":true,"href":"https:\/\/elinformante.mx\/index.php?rest_route=\/wp\/v2\/users\/1"}],"replies":[{"embeddable":true,"href":"https:\/\/elinformante.mx\/index.php?rest_route=%2Fwp%2Fv2%2Fcomments&post=101627"}],"version-history":[{"count":0,"href":"https:\/\/elinformante.mx\/index.php?rest_route=\/wp\/v2\/posts\/101627\/revisions"}],"wp:featuredmedia":[{"embeddable":true,"href":"https:\/\/elinformante.mx\/index.php?rest_route=\/wp\/v2\/media\/101630"}],"wp:attachment":[{"href":"https:\/\/elinformante.mx\/index.php?rest_route=%2Fwp%2Fv2%2Fmedia&parent=101627"}],"wp:term":[{"taxonomy":"category","embeddable":true,"href":"https:\/\/elinformante.mx\/index.php?rest_route=%2Fwp%2Fv2%2Fcategories&post=101627"},{"taxonomy":"post_tag","embeddable":true,"href":"https:\/\/elinformante.mx\/index.php?rest_route=%2Fwp%2Fv2%2Ftags&post=101627"}],"curies":[{"name":"wp","href":"https:\/\/api.w.org\/{rel}","templated":true}]}}