{"id":101647,"date":"2026-03-13T07:57:13","date_gmt":"2026-03-13T13:57:13","guid":{"rendered":"https:\/\/elinformante.mx\/?p=101647"},"modified":"2026-03-13T07:57:35","modified_gmt":"2026-03-13T13:57:35","slug":"estado-debe-garantizar-los-derechos-de-nna-en-orfandad-por-feminicidios-ernestina-godoy","status":"publish","type":"post","link":"https:\/\/elinformante.mx\/?p=101647","title":{"rendered":"\u201cEstado debe garantizar los derechos de NNA en orfandad por feminicidios\u201d: Ernestina Godoy"},"content":{"rendered":"\n<figure class=\"wp-block-pullquote\"><blockquote><p>-La fiscal propuso crear el Registro Nacional de Ni\u00f1as, Ni\u00f1os y Adolescentes en situaci\u00f3n de orfandad por feminicidio.<\/p><\/blockquote><\/figure>\n\n\n\n<p class=\"has-drop-cap\">La violencia feminicida no solo arrebata la vida de las mujeres, tambi\u00e9n deja profundas huellas y deshace comunidades y familias. En este contexto, los ni\u00f1os, ni\u00f1as y adolescentes se convierten en v\u00edctimas indirectas de un delito que genera graves afectaciones en su desarrollo emocional, social y econ\u00f3mico. Frente a esta realidad, el Estado mexicano debe actuar.<br><\/p>\n\n\n\n<p>As\u00ed lo se\u00f1al\u00f3 la titular de la Fiscal\u00eda General de la Rep\u00fablica (FGR), Ernestina Godoy Ramos, durante su participaci\u00f3n en la reuni\u00f3n interinstitucional para la atenci\u00f3n de ni\u00f1as, ni\u00f1os y adolescentes en situaci\u00f3n de orfandad por feminicidio, realizada en instalaciones del DIF Nacional.<br><\/p>\n\n\n\n<p>Mencion\u00f3 que tanto las fiscal\u00edas como, particularmente, los agentes del Ministerio P\u00fablico tienen la responsabilidad no solamente de investigar y perseguir el delito de feminicidio, sino tambi\u00e9n de identificar, reconocer y garantizar la protecci\u00f3n de los ni\u00f1os, ni\u00f1as y adolescentes, as\u00ed como la identificaci\u00f3n y reconocimiento a su calidad de v\u00edctimas indirectas.<br><\/p>\n\n\n\n<p>Para ello, agreg\u00f3, desde el inicio de la investigaci\u00f3n los Ministerios P\u00fablicos deben reconocer formalmente su calidad de v\u00edctimas, garantizar su acceso a los mecanismos de atenci\u00f3n y protecci\u00f3n, y asegurar que reciban medidas de asistencia, acompa\u00f1amiento psicol\u00f3gico, atenci\u00f3n m\u00e9dica, apoyo social que permitan avanzar hacia la reparaci\u00f3n integral del da\u00f1o.<br><\/p>\n\n\n\n<p>\u201cLa procuraci\u00f3n de justicia en estos casos no puede limitarse \u00fanicamente a la investigaci\u00f3n penal; debe incorporar un enfoque de derechos que coloque en el centro a las infancias afectadas\u201d, asever\u00f3.<br><\/p>\n\n\n\n<p>La titular del Sistema Nacional para el Desarrollo Integral de la Familia (SNDIF), Mar\u00eda del Roc\u00edo Garc\u00eda P\u00e9rez, afirm\u00f3 que la orfandad por feminicidio no puede ser una realidad invisible, por lo que la respuesta institucional tiene que ser integral, articulada y que se sostenga con el tiempo.<br><\/p>\n\n\n\n<p>Garc\u00eda P\u00e9rez destac\u00f3 que la construcci\u00f3n y consolidaci\u00f3n de este registro ser\u00e1 una herramienta de coordinaci\u00f3n interinstitucional que tendr\u00e1 un papel fundamental en el aspecto operativo, \u00e9tico y un paso decisivo para que la atenci\u00f3n integral y reparaci\u00f3n del da\u00f1o dejen de ser aspiraciones y se conviertan en una pol\u00edtica p\u00fablica efectiva.<\/p>\n","protected":false},"excerpt":{"rendered":"<p>-La fiscal propuso crear el Registro Nacional de Ni\u00f1as, Ni\u00f1os y Adolescentes en situaci\u00f3n de orfandad por feminicidio. La violencia feminicida no solo arrebata la vida de las mujeres, tambi\u00e9n deja profundas huellas y deshace comunidades y familias. En este contexto, los ni\u00f1os, ni\u00f1as y adolescentes se convierten en v\u00edctimas indirectas de un delito que [&hellip;]<\/p>\n","protected":false},"author":1,"featured_media":101650,"comment_status":"closed","ping_status":"closed","sticky":false,"template":"","format":"standard","meta":{"footnotes":""},"categories":[34],"tags":[],"class_list":["post-101647","post","type-post","status-publish","format-standard","has-post-thumbnail","hentry","category-nacional"],"_links":{"self":[{"href":"https:\/\/elinformante.mx\/index.php?rest_route=\/wp\/v2\/posts\/101647","targetHints":{"allow":["GET"]}}],"collection":[{"href":"https:\/\/elinformante.mx\/index.php?rest_route=\/wp\/v2\/posts"}],"about":[{"href":"https:\/\/elinformante.mx\/index.php?rest_route=\/wp\/v2\/types\/post"}],"author":[{"embeddable":true,"href":"https:\/\/elinformante.mx\/index.php?rest_route=\/wp\/v2\/users\/1"}],"replies":[{"embeddable":true,"href":"https:\/\/elinformante.mx\/index.php?rest_route=%2Fwp%2Fv2%2Fcomments&post=101647"}],"version-history":[{"count":0,"href":"https:\/\/elinformante.mx\/index.php?rest_route=\/wp\/v2\/posts\/101647\/revisions"}],"wp:featuredmedia":[{"embeddable":true,"href":"https:\/\/elinformante.mx\/index.php?rest_route=\/wp\/v2\/media\/101650"}],"wp:attachment":[{"href":"https:\/\/elinformante.mx\/index.php?rest_route=%2Fwp%2Fv2%2Fmedia&parent=101647"}],"wp:term":[{"taxonomy":"category","embeddable":true,"href":"https:\/\/elinformante.mx\/index.php?rest_route=%2Fwp%2Fv2%2Fcategories&post=101647"},{"taxonomy":"post_tag","embeddable":true,"href":"https:\/\/elinformante.mx\/index.php?rest_route=%2Fwp%2Fv2%2Ftags&post=101647"}],"curies":[{"name":"wp","href":"https:\/\/api.w.org\/{rel}","templated":true}]}}