{"id":101655,"date":"2026-03-13T08:07:47","date_gmt":"2026-03-13T14:07:47","guid":{"rendered":"https:\/\/elinformante.mx\/?p=101655"},"modified":"2026-03-13T08:07:54","modified_gmt":"2026-03-13T14:07:54","slug":"alerta-banxico-de-incertidumbre-por-revision-del-t-mec","status":"publish","type":"post","link":"https:\/\/elinformante.mx\/?p=101655","title":{"rendered":"ALERTA BANXICO DE INCERTIDUMBRE POR REVISI\u00d3N DEL T-MEC"},"content":{"rendered":"\n<figure class=\"wp-block-pullquote\"><blockquote><p>La revisi\u00f3n del T-MEC podr\u00eda afectar las perspectivas de crecimiento para este a\u00f1o en curso, se\u00f1al\u00f3 el Banco de M\u00e9xico.<\/p><\/blockquote><\/figure>\n\n\n\n<p class=\"has-drop-cap\">El Banco de M\u00e9xico (Banxico) no hizo omisi\u00f3n de la incertidumbre que existe por la revisi\u00f3n del Tratado entre M\u00e9xico, Estados Unidos y Canad\u00e1 (T-MEC) y precis\u00f3 que, pese a ello, se espera un buen dinamismo para este 2026.<br><\/p>\n\n\n\n<p>As\u00ed lo dio a conocer mediante el an\u00e1lisis realizado por la instituci\u00f3n, que se produce luego del buen desempe\u00f1o de M\u00e9xico hacia el cierre de 2025; sin embargo, la revisi\u00f3n del T-MEC podr\u00eda afectar las perspectivas de crecimiento para este a\u00f1o en curso.<br><\/p>\n\n\n\n<p>Las econom\u00edas regionales contin\u00faan enfrentando un entorno complejo e incierto. No obstante, hacia delante se anticipa un desempe\u00f1o m\u00e1s favorable que el observado durante 2025, si bien sujeto a retos importantes, se\u00f1al\u00f3 el Banxico en su \u201cReporte sobre las Econom\u00edas Regionales\u201d del cuarto trimestre 2025.<br><\/p>\n\n\n\n<figure class=\"wp-block-image size-large\"><img fetchpriority=\"high\" decoding=\"async\" width=\"1024\" height=\"506\" src=\"https:\/\/elinformante.mx\/wp-content\/uploads\/2026\/03\/9alerta-3-1024x506.jpg\" alt=\"\" class=\"wp-image-101658\" srcset=\"https:\/\/elinformante.mx\/wp-content\/uploads\/2026\/03\/9alerta-3-1024x506.jpg 1024w, https:\/\/elinformante.mx\/wp-content\/uploads\/2026\/03\/9alerta-3-300x148.jpg 300w, https:\/\/elinformante.mx\/wp-content\/uploads\/2026\/03\/9alerta-3-768x379.jpg 768w, https:\/\/elinformante.mx\/wp-content\/uploads\/2026\/03\/9alerta-3.jpg 1140w\" sizes=\"(max-width: 1024px) 100vw, 1024px\" \/><\/figure>\n\n\n\n<p>La instituci\u00f3n explic\u00f3 que uno de los principales focos de atenci\u00f3n se encuentra en el \u00e1mbito internacional.<br><\/p>\n\n\n\n<p>En el \u00e1mbito externo, persiste la incertidumbre asociada con las pol\u00edticas que pudiera implementar nuestro principal socio comercial y con la pr\u00f3xima revisi\u00f3n del T-MEC, indic\u00f3.<br><\/p>\n\n\n\n<p>Advirti\u00f3 que cualquier modificaci\u00f3n en la relaci\u00f3n comercial con Estados Unidos podr\u00eda tener efectos m\u00e1s visibles en los estados del norte y en las regiones del centro del pa\u00eds, debido al alto grado de integraci\u00f3n econ\u00f3mica que mantienen con ese mercado.<br><\/p>\n\n\n\n<figure class=\"wp-block-image size-large\"><img decoding=\"async\" width=\"1024\" height=\"506\" src=\"https:\/\/elinformante.mx\/wp-content\/uploads\/2026\/03\/9alerta-4-1024x506.jpg\" alt=\"\" class=\"wp-image-101659\" srcset=\"https:\/\/elinformante.mx\/wp-content\/uploads\/2026\/03\/9alerta-4-1024x506.jpg 1024w, https:\/\/elinformante.mx\/wp-content\/uploads\/2026\/03\/9alerta-4-300x148.jpg 300w, https:\/\/elinformante.mx\/wp-content\/uploads\/2026\/03\/9alerta-4-768x379.jpg 768w, https:\/\/elinformante.mx\/wp-content\/uploads\/2026\/03\/9alerta-4.jpg 1140w\" sizes=\"(max-width: 1024px) 100vw, 1024px\" \/><\/figure>\n\n\n\n<p>Destac\u00f3 que los territorios con una larga tradici\u00f3n migratoria hacia Estados Unidos podr\u00edan verse impactados si se producen cambios en el flujo de remesas.<br><\/p>\n\n\n\n<p>El banco central subray\u00f3 que la inseguridad p\u00fablica contin\u00faa siendo uno de los principales obst\u00e1culos para la actividad econ\u00f3mica. Seg\u00fan el reporte, directivos empresariales consultados se\u00f1alaron que este problema sigue afectando las operaciones de compa\u00f1\u00edas en diversas zonas del pa\u00eds.<br><\/p>\n\n\n\n<p>A este factor se suma la creciente exposici\u00f3n a fen\u00f3menos clim\u00e1ticos extremos, cuyos efectos se manifiestan de manera distinta seg\u00fan el sector productivo y la entidad federativa, lo que introduce nuevos desaf\u00edos para el desempe\u00f1o econ\u00f3mico regional.<br><\/p>\n\n\n\n<figure class=\"wp-block-image size-large\"><img decoding=\"async\" width=\"1024\" height=\"506\" src=\"https:\/\/elinformante.mx\/wp-content\/uploads\/2026\/03\/9alerta-2-1024x506.jpg\" alt=\"\" class=\"wp-image-101660\" srcset=\"https:\/\/elinformante.mx\/wp-content\/uploads\/2026\/03\/9alerta-2-1024x506.jpg 1024w, https:\/\/elinformante.mx\/wp-content\/uploads\/2026\/03\/9alerta-2-300x148.jpg 300w, https:\/\/elinformante.mx\/wp-content\/uploads\/2026\/03\/9alerta-2-768x379.jpg 768w, https:\/\/elinformante.mx\/wp-content\/uploads\/2026\/03\/9alerta-2.jpg 1140w\" sizes=\"(max-width: 1024px) 100vw, 1024px\" \/><\/figure>\n\n\n\n<p>El Banco de M\u00e9xico consider\u00f3 necesario fortalecer los motores internos de crecimiento y generar condiciones que favorezcan la inversi\u00f3n productiva.<br><\/p>\n\n\n\n<p>Entre las acciones prioritarias, el organismo se\u00f1al\u00f3 la importancia de avanzar en la construcci\u00f3n y modernizaci\u00f3n de infraestructura estrat\u00e9gica, como la red de transporte, los sistemas digitales, la infraestructura energ\u00e9tica y los proyectos h\u00eddricos.<br><\/p>\n\n\n\n<p>Estas inversiones, explic\u00f3, pueden ayudar a reducir costos log\u00edsticos, mejorar el acceso a mercados y aumentar la competitividad de las distintas regiones del pa\u00eds.<br><\/p>\n\n\n\n<p>El informe tambi\u00e9n subraya la necesidad de impulsar la formaci\u00f3n de capital humano y acelerar la adopci\u00f3n de nuevas tecnolog\u00edas. De acuerdo con el banco central, estas medidas permitir\u00edan fortalecer la capacidad productiva y elevar el potencial de crecimiento de las econom\u00edas regionales.<\/p>\n\n\n\n<figure class=\"wp-block-image size-large\"><img loading=\"lazy\" decoding=\"async\" width=\"1024\" height=\"506\" src=\"https:\/\/elinformante.mx\/wp-content\/uploads\/2026\/03\/9alerta-3-1-1024x506.jpg\" alt=\"\" class=\"wp-image-101661\" srcset=\"https:\/\/elinformante.mx\/wp-content\/uploads\/2026\/03\/9alerta-3-1-1024x506.jpg 1024w, https:\/\/elinformante.mx\/wp-content\/uploads\/2026\/03\/9alerta-3-1-300x148.jpg 300w, https:\/\/elinformante.mx\/wp-content\/uploads\/2026\/03\/9alerta-3-1-768x379.jpg 768w, https:\/\/elinformante.mx\/wp-content\/uploads\/2026\/03\/9alerta-3-1.jpg 1140w\" sizes=\"(max-width: 1024px) 100vw, 1024px\" \/><\/figure>\n","protected":false},"excerpt":{"rendered":"<p>La revisi\u00f3n del T-MEC podr\u00eda afectar las perspectivas de crecimiento para este a\u00f1o en curso, se\u00f1al\u00f3 el Banco de M\u00e9xico. El Banco de M\u00e9xico (Banxico) no hizo omisi\u00f3n de la incertidumbre que existe por la revisi\u00f3n del Tratado entre M\u00e9xico, Estados Unidos y Canad\u00e1 (T-MEC) y precis\u00f3 que, pese a ello, se espera un buen [&hellip;]<\/p>\n","protected":false},"author":1,"featured_media":101657,"comment_status":"closed","ping_status":"closed","sticky":false,"template":"","format":"standard","meta":{"footnotes":""},"categories":[30,34,31],"tags":[47],"class_list":["post-101655","post","type-post","status-publish","format-standard","has-post-thumbnail","hentry","category-destacado","category-nacional","category-portada","tag-portadanacional"],"_links":{"self":[{"href":"https:\/\/elinformante.mx\/index.php?rest_route=\/wp\/v2\/posts\/101655","targetHints":{"allow":["GET"]}}],"collection":[{"href":"https:\/\/elinformante.mx\/index.php?rest_route=\/wp\/v2\/posts"}],"about":[{"href":"https:\/\/elinformante.mx\/index.php?rest_route=\/wp\/v2\/types\/post"}],"author":[{"embeddable":true,"href":"https:\/\/elinformante.mx\/index.php?rest_route=\/wp\/v2\/users\/1"}],"replies":[{"embeddable":true,"href":"https:\/\/elinformante.mx\/index.php?rest_route=%2Fwp%2Fv2%2Fcomments&post=101655"}],"version-history":[{"count":0,"href":"https:\/\/elinformante.mx\/index.php?rest_route=\/wp\/v2\/posts\/101655\/revisions"}],"wp:featuredmedia":[{"embeddable":true,"href":"https:\/\/elinformante.mx\/index.php?rest_route=\/wp\/v2\/media\/101657"}],"wp:attachment":[{"href":"https:\/\/elinformante.mx\/index.php?rest_route=%2Fwp%2Fv2%2Fmedia&parent=101655"}],"wp:term":[{"taxonomy":"category","embeddable":true,"href":"https:\/\/elinformante.mx\/index.php?rest_route=%2Fwp%2Fv2%2Fcategories&post=101655"},{"taxonomy":"post_tag","embeddable":true,"href":"https:\/\/elinformante.mx\/index.php?rest_route=%2Fwp%2Fv2%2Ftags&post=101655"}],"curies":[{"name":"wp","href":"https:\/\/api.w.org\/{rel}","templated":true}]}}