{"id":101674,"date":"2026-03-13T12:27:11","date_gmt":"2026-03-13T18:27:11","guid":{"rendered":"https:\/\/elinformante.mx\/?p=101674"},"modified":"2026-03-13T12:27:14","modified_gmt":"2026-03-13T18:27:14","slug":"isaac-del-toro-recupera-el-liderato-en-la-tirreno-adriatico","status":"publish","type":"post","link":"https:\/\/elinformante.mx\/?p=101674","title":{"rendered":"Isaac del Toro recupera el liderato en la Tirreno-Adri\u00e1tico"},"content":{"rendered":"\n<p>El ciclista mexicano Isaac del Toro volvi\u00f3 a colocarse como l\u00edder de la clasificaci\u00f3n general de la Tirreno-Adri\u00e1tico tras finalizar en segundo lugar en la quinta etapa de la competencia. El corredor del equipo UAE Team Emirates complet\u00f3 la jornada con un desempe\u00f1o s\u00f3lido que le permiti\u00f3 recuperar la <em>maglia azzurra<\/em>.<\/p>\n\n\n\n<p>La etapa fue ganada por el dan\u00e9s Michael Valgren, del equipo Education First, quien cruz\u00f3 la meta con un tiempo de 4:43:33 horas despu\u00e9s de recorrer los 184 kil\u00f3metros entre Marotta-Mondolfo y Mombaroccio. Del Toro lleg\u00f3 poco despu\u00e9s en la segunda posici\u00f3n, mientras que el estadounidense Matteo Jorgenson complet\u00f3 el podio de la jornada.<\/p>\n\n\n\n<p>Durante la etapa, el mexicano sostuvo una intensa disputa con el italiano Giulio Pellizzari, quien hab\u00eda tomado el liderato en la jornada anterior. En las rampas del Santuario del Beato Sante, Del Toro logr\u00f3 imponer su ritmo y recuperar terreno, lo que le permiti\u00f3 regresar a la cima de la clasificaci\u00f3n general.<\/p>\n\n\n\n<p>Con este resultado, el ciclista originario de Ensenada ampli\u00f3 su ventaja a 23 segundos sobre Pellizzari, mientras que Matteo Jorgenson se ubica a 34 segundos y el esloveno Primo\u017e Rogli\u010d a 44 segundos del l\u00edder.<\/p>\n\n\n\n<p>De cara a la etapa seis, considerada la jornada reina de la carrera, Del Toro buscar\u00e1 consolidar su ventaja en el recorrido de 188 kil\u00f3metros entre San Severino Marche y Camerino, una etapa clave para definir al ganador de la llamada \u201cCarrera de los Dos Mares\u201d.<\/p>\n","protected":false},"excerpt":{"rendered":"<p>El ciclista mexicano Isaac del Toro volvi\u00f3 a colocarse como l\u00edder de la clasificaci\u00f3n general de la Tirreno-Adri\u00e1tico tras finalizar en segundo lugar en la quinta etapa de la competencia. El corredor del equipo UAE Team Emirates complet\u00f3 la jornada con un desempe\u00f1o s\u00f3lido que le permiti\u00f3 recuperar la maglia azzurra. La etapa fue ganada [&hellip;]<\/p>\n","protected":false},"author":2,"featured_media":101675,"comment_status":"closed","ping_status":"closed","sticky":false,"template":"","format":"standard","meta":{"footnotes":""},"categories":[38],"tags":[],"class_list":["post-101674","post","type-post","status-publish","format-standard","has-post-thumbnail","hentry","category-deportes"],"_links":{"self":[{"href":"https:\/\/elinformante.mx\/index.php?rest_route=\/wp\/v2\/posts\/101674","targetHints":{"allow":["GET"]}}],"collection":[{"href":"https:\/\/elinformante.mx\/index.php?rest_route=\/wp\/v2\/posts"}],"about":[{"href":"https:\/\/elinformante.mx\/index.php?rest_route=\/wp\/v2\/types\/post"}],"author":[{"embeddable":true,"href":"https:\/\/elinformante.mx\/index.php?rest_route=\/wp\/v2\/users\/2"}],"replies":[{"embeddable":true,"href":"https:\/\/elinformante.mx\/index.php?rest_route=%2Fwp%2Fv2%2Fcomments&post=101674"}],"version-history":[{"count":0,"href":"https:\/\/elinformante.mx\/index.php?rest_route=\/wp\/v2\/posts\/101674\/revisions"}],"wp:featuredmedia":[{"embeddable":true,"href":"https:\/\/elinformante.mx\/index.php?rest_route=\/wp\/v2\/media\/101675"}],"wp:attachment":[{"href":"https:\/\/elinformante.mx\/index.php?rest_route=%2Fwp%2Fv2%2Fmedia&parent=101674"}],"wp:term":[{"taxonomy":"category","embeddable":true,"href":"https:\/\/elinformante.mx\/index.php?rest_route=%2Fwp%2Fv2%2Fcategories&post=101674"},{"taxonomy":"post_tag","embeddable":true,"href":"https:\/\/elinformante.mx\/index.php?rest_route=%2Fwp%2Fv2%2Ftags&post=101674"}],"curies":[{"name":"wp","href":"https:\/\/api.w.org\/{rel}","templated":true}]}}