{"id":101677,"date":"2026-03-13T12:44:11","date_gmt":"2026-03-13T18:44:11","guid":{"rendered":"https:\/\/elinformante.mx\/?p=101677"},"modified":"2026-03-13T12:44:19","modified_gmt":"2026-03-13T18:44:19","slug":"sheinbaum-analiza-aplazar-eleccion-judicial-dentro-del-plan-b-de-la-reforma-electoral","status":"publish","type":"post","link":"https:\/\/elinformante.mx\/?p=101677","title":{"rendered":"Sheinbaum analiza aplazar elecci\u00f3n judicial dentro del Plan B de la reforma electoral"},"content":{"rendered":"\n<p>La presidenta de M\u00e9xico, Claudia Sheinbaum, inform\u00f3 que su gobierno analiza la posibilidad de aplazar la elecci\u00f3n judicial como parte de los ajustes contemplados dentro del llamado Plan B de la reforma electoral.<\/p>\n\n\n\n<p>Durante sus declaraciones, la mandataria explic\u00f3 que una de las alternativas que se estudian es mover el proceso electoral judicial para 2027 o incluso 2028.<\/p>\n\n\n\n<p>Sheinbaum se\u00f1al\u00f3 que esta opci\u00f3n se encuentra en evaluaci\u00f3n debido a que presenta tanto ventajas como desaf\u00edos desde el punto de vista pol\u00edtico y organizativo.<\/p>\n\n\n\n<p>La presidenta indic\u00f3 que el an\u00e1lisis forma parte de las discusiones que se mantienen dentro del gobierno y en el \u00e1mbito legislativo sobre los cambios planteados en la reforma.<\/p>\n\n\n\n<p>Asimismo, destac\u00f3 que cualquier decisi\u00f3n deber\u00e1 considerar el impacto institucional y los tiempos necesarios para implementar adecuadamente el nuevo modelo.<\/p>\n","protected":false},"excerpt":{"rendered":"<p>La presidenta de M\u00e9xico, Claudia Sheinbaum, inform\u00f3 que su gobierno analiza la posibilidad de aplazar la elecci\u00f3n judicial como parte de los ajustes contemplados dentro del llamado Plan B de la reforma electoral. Durante sus declaraciones, la mandataria explic\u00f3 que una de las alternativas que se estudian es mover el proceso electoral judicial para 2027 [&hellip;]<\/p>\n","protected":false},"author":2,"featured_media":101678,"comment_status":"closed","ping_status":"closed","sticky":false,"template":"","format":"standard","meta":{"footnotes":""},"categories":[34],"tags":[91,130,133,135,131,132,77,110],"class_list":["post-101677","post","type-post","status-publish","format-standard","has-post-thumbnail","hentry","category-nacional","tag-claudia-sheinbaum","tag-eleccion-judicial-mexico","tag-elecciones-judiciales-2027","tag-elecciones-judiciales-2028","tag-plan-b-reforma-electoral","tag-poder-judicial-elecciones","tag-politica-mexicana","tag-reforma-electoral-mexico"],"_links":{"self":[{"href":"https:\/\/elinformante.mx\/index.php?rest_route=\/wp\/v2\/posts\/101677","targetHints":{"allow":["GET"]}}],"collection":[{"href":"https:\/\/elinformante.mx\/index.php?rest_route=\/wp\/v2\/posts"}],"about":[{"href":"https:\/\/elinformante.mx\/index.php?rest_route=\/wp\/v2\/types\/post"}],"author":[{"embeddable":true,"href":"https:\/\/elinformante.mx\/index.php?rest_route=\/wp\/v2\/users\/2"}],"replies":[{"embeddable":true,"href":"https:\/\/elinformante.mx\/index.php?rest_route=%2Fwp%2Fv2%2Fcomments&post=101677"}],"version-history":[{"count":0,"href":"https:\/\/elinformante.mx\/index.php?rest_route=\/wp\/v2\/posts\/101677\/revisions"}],"wp:featuredmedia":[{"embeddable":true,"href":"https:\/\/elinformante.mx\/index.php?rest_route=\/wp\/v2\/media\/101678"}],"wp:attachment":[{"href":"https:\/\/elinformante.mx\/index.php?rest_route=%2Fwp%2Fv2%2Fmedia&parent=101677"}],"wp:term":[{"taxonomy":"category","embeddable":true,"href":"https:\/\/elinformante.mx\/index.php?rest_route=%2Fwp%2Fv2%2Fcategories&post=101677"},{"taxonomy":"post_tag","embeddable":true,"href":"https:\/\/elinformante.mx\/index.php?rest_route=%2Fwp%2Fv2%2Ftags&post=101677"}],"curies":[{"name":"wp","href":"https:\/\/api.w.org\/{rel}","templated":true}]}}