{"id":101682,"date":"2026-03-13T13:20:28","date_gmt":"2026-03-13T19:20:28","guid":{"rendered":"https:\/\/elinformante.mx\/?p=101682"},"modified":"2026-03-13T13:20:34","modified_gmt":"2026-03-13T19:20:34","slug":"pan-reconoce-disposicion-al-dialogo-con-pt-y-pvem-ante-debate-del-plan-b-electoral","status":"publish","type":"post","link":"https:\/\/elinformante.mx\/?p=101682","title":{"rendered":"PAN reconoce disposici\u00f3n al di\u00e1logo con PT y PVEM ante debate del Plan B electoral"},"content":{"rendered":"\n<p>El dirigente nacional del Partido Acci\u00f3n Nacional (PAN), Jorge Romero, se\u00f1al\u00f3 que el partido mantiene disposici\u00f3n para dialogar con otras fuerzas pol\u00edticas, incluido el Partido del Trabajo (PT) y el Partido Verde Ecologista de M\u00e9xico (PVEM), en el contexto del debate sobre el nuevo Plan B de la reforma electoral.<\/p>\n\n\n\n<p>Durante declaraciones recientes, el l\u00edder panista indic\u00f3 que el escenario pol\u00edtico a\u00fan se encuentra abierto y que las conversaciones entre partidos podr\u00edan darse conforme avance la discusi\u00f3n legislativa.<\/p>\n\n\n\n<p>Romero explic\u00f3 que el PAN est\u00e1 dispuesto a sentarse a dialogar con distintas fuerzas pol\u00edticas para analizar los alcances de las propuestas que se discuten en el Congreso.<\/p>\n\n\n\n<p>El dirigente se\u00f1al\u00f3 que su partido busca construir acuerdos que permitan revisar los planteamientos de la reforma electoral y sus posibles efectos en el sistema pol\u00edtico.<\/p>\n\n\n\n<p>Asimismo, afirm\u00f3 que el objetivo del PAN ser\u00e1 participar en las conversaciones necesarias dentro del \u00e1mbito legislativo para debatir las iniciativas que se encuentran en discusi\u00f3n.<\/p>\n","protected":false},"excerpt":{"rendered":"<p>El dirigente nacional del Partido Acci\u00f3n Nacional (PAN), Jorge Romero, se\u00f1al\u00f3 que el partido mantiene disposici\u00f3n para dialogar con otras fuerzas pol\u00edticas, incluido el Partido del Trabajo (PT) y el Partido Verde Ecologista de M\u00e9xico (PVEM), en el contexto del debate sobre el nuevo Plan B de la reforma electoral. Durante declaraciones recientes, el l\u00edder [&hellip;]<\/p>\n","protected":false},"author":2,"featured_media":101684,"comment_status":"closed","ping_status":"closed","sticky":false,"template":"","format":"standard","meta":{"footnotes":""},"categories":[34],"tags":[137,136,141,140,138,131,77,139,110],"class_list":["post-101682","post","type-post","status-publish","format-standard","has-post-thumbnail","hentry","category-nacional","tag-jorge-romero","tag-morena-aliados","tag-negociacion-politica-mexico","tag-pan","tag-partido-verde-mexico","tag-plan-b-reforma-electoral","tag-politica-mexicana","tag-pt-partido-del-trabajo","tag-reforma-electoral-mexico"],"_links":{"self":[{"href":"https:\/\/elinformante.mx\/index.php?rest_route=\/wp\/v2\/posts\/101682","targetHints":{"allow":["GET"]}}],"collection":[{"href":"https:\/\/elinformante.mx\/index.php?rest_route=\/wp\/v2\/posts"}],"about":[{"href":"https:\/\/elinformante.mx\/index.php?rest_route=\/wp\/v2\/types\/post"}],"author":[{"embeddable":true,"href":"https:\/\/elinformante.mx\/index.php?rest_route=\/wp\/v2\/users\/2"}],"replies":[{"embeddable":true,"href":"https:\/\/elinformante.mx\/index.php?rest_route=%2Fwp%2Fv2%2Fcomments&post=101682"}],"version-history":[{"count":0,"href":"https:\/\/elinformante.mx\/index.php?rest_route=\/wp\/v2\/posts\/101682\/revisions"}],"wp:featuredmedia":[{"embeddable":true,"href":"https:\/\/elinformante.mx\/index.php?rest_route=\/wp\/v2\/media\/101684"}],"wp:attachment":[{"href":"https:\/\/elinformante.mx\/index.php?rest_route=%2Fwp%2Fv2%2Fmedia&parent=101682"}],"wp:term":[{"taxonomy":"category","embeddable":true,"href":"https:\/\/elinformante.mx\/index.php?rest_route=%2Fwp%2Fv2%2Fcategories&post=101682"},{"taxonomy":"post_tag","embeddable":true,"href":"https:\/\/elinformante.mx\/index.php?rest_route=%2Fwp%2Fv2%2Ftags&post=101682"}],"curies":[{"name":"wp","href":"https:\/\/api.w.org\/{rel}","templated":true}]}}