{"id":101690,"date":"2026-03-13T16:09:18","date_gmt":"2026-03-13T22:09:18","guid":{"rendered":"https:\/\/elinformante.mx\/?p=101690"},"modified":"2026-03-13T16:09:23","modified_gmt":"2026-03-13T22:09:23","slug":"monreal-senala-que-gobernacion-dialoga-con-pt-y-pvem-sobre-el-plan-b-electoral","status":"publish","type":"post","link":"https:\/\/elinformante.mx\/?p=101690","title":{"rendered":"Monreal se\u00f1ala que Gobernaci\u00f3n dialoga con PT y PVEM sobre el Plan B electoral"},"content":{"rendered":"\n<p>El coordinador de Morena en la C\u00e1mara de Diputados, Ricardo Monreal, inform\u00f3 que la Secretar\u00eda de Gobernaci\u00f3n mantiene conversaciones con el Partido del Trabajo (PT) y el Partido Verde Ecologista de M\u00e9xico (PVEM) en torno al llamado Plan B de la reforma electoral.<\/p>\n\n\n\n<p>El legislador explic\u00f3 que, durante una reuni\u00f3n con la secretaria de Gobernaci\u00f3n, Rosa Icela Rodr\u00edguez, y el diputado Ignacio Mier, se intercambiaron posturas sobre la propuesta impulsada por la presidenta Claudia Sheinbaum.<\/p>\n\n\n\n<p>Monreal indic\u00f3 que, seg\u00fan lo comentado en el encuentro, la titular de Gobernaci\u00f3n estar\u00eda dialogando con ambas fuerzas pol\u00edticas para buscar puntos de coincidencia.<\/p>\n\n\n\n<p>El objetivo de estas conversaciones, explic\u00f3, ser\u00eda construir un consenso que permita el acompa\u00f1amiento legislativo de Morena, PT y PVEM en la discusi\u00f3n de la iniciativa.<\/p>\n\n\n\n<p>El diputado se\u00f1al\u00f3 que el di\u00e1logo entre las distintas fuerzas pol\u00edticas continuar\u00e1 en los pr\u00f3ximos d\u00edas dentro del proceso legislativo relacionado con la reforma electoral.<\/p>\n","protected":false},"excerpt":{"rendered":"<p>El coordinador de Morena en la C\u00e1mara de Diputados, Ricardo Monreal, inform\u00f3 que la Secretar\u00eda de Gobernaci\u00f3n mantiene conversaciones con el Partido del Trabajo (PT) y el Partido Verde Ecologista de M\u00e9xico (PVEM) en torno al llamado Plan B de la reforma electoral. El legislador explic\u00f3 que, durante una reuni\u00f3n con la secretaria de Gobernaci\u00f3n, [&hellip;]<\/p>\n","protected":false},"author":2,"featured_media":101691,"comment_status":"closed","ping_status":"closed","sticky":false,"template":"","format":"standard","meta":{"footnotes":""},"categories":[34],"tags":[144,142,146,143,141,131,110,109,145],"class_list":["post-101690","post","type-post","status-publish","format-standard","has-post-thumbnail","hentry","category-nacional","tag-camara-de-diputados-mexico","tag-claudia-sheinbaum-reforma","tag-ignacio-mier","tag-morena-pt-verde","tag-negociacion-politica-mexico","tag-plan-b-reforma-electoral","tag-reforma-electoral-mexico","tag-ricardo-monreal","tag-rosa-icela-rodriguez"],"_links":{"self":[{"href":"https:\/\/elinformante.mx\/index.php?rest_route=\/wp\/v2\/posts\/101690","targetHints":{"allow":["GET"]}}],"collection":[{"href":"https:\/\/elinformante.mx\/index.php?rest_route=\/wp\/v2\/posts"}],"about":[{"href":"https:\/\/elinformante.mx\/index.php?rest_route=\/wp\/v2\/types\/post"}],"author":[{"embeddable":true,"href":"https:\/\/elinformante.mx\/index.php?rest_route=\/wp\/v2\/users\/2"}],"replies":[{"embeddable":true,"href":"https:\/\/elinformante.mx\/index.php?rest_route=%2Fwp%2Fv2%2Fcomments&post=101690"}],"version-history":[{"count":0,"href":"https:\/\/elinformante.mx\/index.php?rest_route=\/wp\/v2\/posts\/101690\/revisions"}],"wp:featuredmedia":[{"embeddable":true,"href":"https:\/\/elinformante.mx\/index.php?rest_route=\/wp\/v2\/media\/101691"}],"wp:attachment":[{"href":"https:\/\/elinformante.mx\/index.php?rest_route=%2Fwp%2Fv2%2Fmedia&parent=101690"}],"wp:term":[{"taxonomy":"category","embeddable":true,"href":"https:\/\/elinformante.mx\/index.php?rest_route=%2Fwp%2Fv2%2Fcategories&post=101690"},{"taxonomy":"post_tag","embeddable":true,"href":"https:\/\/elinformante.mx\/index.php?rest_route=%2Fwp%2Fv2%2Ftags&post=101690"}],"curies":[{"name":"wp","href":"https:\/\/api.w.org\/{rel}","templated":true}]}}