{"id":101692,"date":"2026-03-13T16:49:02","date_gmt":"2026-03-13T22:49:02","guid":{"rendered":"https:\/\/elinformante.mx\/?p=101692"},"modified":"2026-03-13T16:49:06","modified_gmt":"2026-03-13T22:49:06","slug":"detienen-en-jalisco-a-juvenal-n-senalado-como-lider-de-una-red-de-trata-de-personas","status":"publish","type":"post","link":"https:\/\/elinformante.mx\/?p=101692","title":{"rendered":"Detienen en Jalisco a Juvenal \u201cN\u201d, se\u00f1alado como l\u00edder de una red de trata de personas"},"content":{"rendered":"\n<p>Autoridades federales informaron la detenci\u00f3n en Jalisco de Juvenal \u201cN\u201d, alias \u201cEl Padrino\u201d, se\u00f1alado como presunto l\u00edder de una organizaci\u00f3n internacional dedicada a la trata de personas.<\/p>\n\n\n\n<p>De acuerdo con informaci\u00f3n del Gabinete de Seguridad del Gobierno de M\u00e9xico, el detenido manten\u00eda operaciones principalmente en la ciudad de Tijuana, Baja California.<\/p>\n\n\n\n<p>Las autoridades se\u00f1alaron que Juvenal \u201cN\u201d cuenta con una orden de aprehensi\u00f3n por los delitos de trata de personas y delincuencia organizada.<\/p>\n\n\n\n<p>La detenci\u00f3n fue realizada en un operativo coordinado entre elementos de la Secretar\u00eda de Marina (Semar), la Fiscal\u00eda General de la Rep\u00fablica (FGR) y la Secretar\u00eda de Seguridad y Protecci\u00f3n Ciudadana (SSPC).<\/p>\n\n\n\n<p>El detenido qued\u00f3 a disposici\u00f3n de las autoridades correspondientes, quienes continuar\u00e1n con las investigaciones y el proceso legal relacionado con el caso.<\/p>\n","protected":false},"excerpt":{"rendered":"<p>Autoridades federales informaron la detenci\u00f3n en Jalisco de Juvenal \u201cN\u201d, alias \u201cEl Padrino\u201d, se\u00f1alado como presunto l\u00edder de una organizaci\u00f3n internacional dedicada a la trata de personas. De acuerdo con informaci\u00f3n del Gabinete de Seguridad del Gobierno de M\u00e9xico, el detenido manten\u00eda operaciones principalmente en la ciudad de Tijuana, Baja California. Las autoridades se\u00f1alaron que [&hellip;]<\/p>\n","protected":false},"author":2,"featured_media":101693,"comment_status":"closed","ping_status":"closed","sticky":false,"template":"","format":"standard","meta":{"footnotes":""},"categories":[34],"tags":[148,154,147,150,155,153,151,152],"class_list":["post-101692","post","type-post","status-publish","format-standard","has-post-thumbnail","hentry","category-nacional","tag-detencion-en-jalisco","tag-fgr-mexico-detencion","tag-gabinete-de-seguridad-mexico","tag-juvenal-n-el-padrino","tag-red-internacional-trata","tag-seguridad-mexico","tag-semar-operativo","tag-sspc-mexico"],"_links":{"self":[{"href":"https:\/\/elinformante.mx\/index.php?rest_route=\/wp\/v2\/posts\/101692","targetHints":{"allow":["GET"]}}],"collection":[{"href":"https:\/\/elinformante.mx\/index.php?rest_route=\/wp\/v2\/posts"}],"about":[{"href":"https:\/\/elinformante.mx\/index.php?rest_route=\/wp\/v2\/types\/post"}],"author":[{"embeddable":true,"href":"https:\/\/elinformante.mx\/index.php?rest_route=\/wp\/v2\/users\/2"}],"replies":[{"embeddable":true,"href":"https:\/\/elinformante.mx\/index.php?rest_route=%2Fwp%2Fv2%2Fcomments&post=101692"}],"version-history":[{"count":0,"href":"https:\/\/elinformante.mx\/index.php?rest_route=\/wp\/v2\/posts\/101692\/revisions"}],"wp:featuredmedia":[{"embeddable":true,"href":"https:\/\/elinformante.mx\/index.php?rest_route=\/wp\/v2\/media\/101693"}],"wp:attachment":[{"href":"https:\/\/elinformante.mx\/index.php?rest_route=%2Fwp%2Fv2%2Fmedia&parent=101692"}],"wp:term":[{"taxonomy":"category","embeddable":true,"href":"https:\/\/elinformante.mx\/index.php?rest_route=%2Fwp%2Fv2%2Fcategories&post=101692"},{"taxonomy":"post_tag","embeddable":true,"href":"https:\/\/elinformante.mx\/index.php?rest_route=%2Fwp%2Fv2%2Ftags&post=101692"}],"curies":[{"name":"wp","href":"https:\/\/api.w.org\/{rel}","templated":true}]}}