{"id":101694,"date":"2026-03-13T18:05:01","date_gmt":"2026-03-14T00:05:01","guid":{"rendered":"https:\/\/elinformante.mx\/?p=101694"},"modified":"2026-03-13T18:05:04","modified_gmt":"2026-03-14T00:05:04","slug":"sergio-mayer-es-captado-en-la-camara-de-diputados-tras-su-salida-de-la-casa-de-los-famosos","status":"publish","type":"post","link":"https:\/\/elinformante.mx\/?p=101694","title":{"rendered":"Sergio Mayer es captado en la C\u00e1mara de Diputados tras su salida de La Casa de los Famosos"},"content":{"rendered":"\n<p>El diputado con licencia Sergio Mayer fue captado recientemente en la C\u00e1mara de Diputados, en el recinto de San L\u00e1zaro, pocos d\u00edas despu\u00e9s de su eliminaci\u00f3n del reality show <em>La Casa de los Famosos<\/em>. Su presencia en el Congreso llam\u00f3 la atenci\u00f3n, ya que a\u00fan no se ha confirmado oficialmente si retomar\u00e1 de inmediato sus funciones legislativas.<\/p>\n\n\n\n<p>Mayer hab\u00eda solicitado licencia a su cargo como diputado federal para participar en el programa televisivo, decisi\u00f3n que gener\u00f3 cr\u00edticas y debate p\u00fablico durante las \u00faltimas semanas. Su participaci\u00f3n en el reality tambi\u00e9n deriv\u00f3 en un proceso interno dentro de Morena.<\/p>\n\n\n\n<p>Tras su salida del programa, el actor y pol\u00edtico hab\u00eda se\u00f1alado que su intenci\u00f3n era regresar a sus actividades legislativas. Sin embargo, hasta el momento no se ha anunciado formalmente su reincorporaci\u00f3n al trabajo parlamentario.<\/p>\n\n\n\n<p>La aparici\u00f3n de Mayer en San L\u00e1zaro provoc\u00f3 comentarios en redes sociales y entre observadores pol\u00edticos, quienes cuestionaron si el legislador retomar\u00e1 plenamente su cargo o si continuar\u00e1 enfrentando el proceso interno dentro de su partido.<\/p>\n\n\n\n<p>Mientras tanto, el futuro pol\u00edtico de Sergio Mayer permanece en el centro del debate, luego de que su paso por el reality show generara pol\u00e9mica sobre la relaci\u00f3n entre su carrera p\u00fablica y sus proyectos en el \u00e1mbito del entretenimiento.<\/p>\n","protected":false},"excerpt":{"rendered":"<p>El diputado con licencia Sergio Mayer fue captado recientemente en la C\u00e1mara de Diputados, en el recinto de San L\u00e1zaro, pocos d\u00edas despu\u00e9s de su eliminaci\u00f3n del reality show La Casa de los Famosos. Su presencia en el Congreso llam\u00f3 la atenci\u00f3n, ya que a\u00fan no se ha confirmado oficialmente si retomar\u00e1 de inmediato sus [&hellip;]<\/p>\n","protected":false},"author":2,"featured_media":101695,"comment_status":"closed","ping_status":"closed","sticky":false,"template":"","format":"standard","meta":{"footnotes":""},"categories":[39,34],"tags":[],"class_list":["post-101694","post","type-post","status-publish","format-standard","has-post-thumbnail","hentry","category-espectaculos","category-nacional"],"_links":{"self":[{"href":"https:\/\/elinformante.mx\/index.php?rest_route=\/wp\/v2\/posts\/101694","targetHints":{"allow":["GET"]}}],"collection":[{"href":"https:\/\/elinformante.mx\/index.php?rest_route=\/wp\/v2\/posts"}],"about":[{"href":"https:\/\/elinformante.mx\/index.php?rest_route=\/wp\/v2\/types\/post"}],"author":[{"embeddable":true,"href":"https:\/\/elinformante.mx\/index.php?rest_route=\/wp\/v2\/users\/2"}],"replies":[{"embeddable":true,"href":"https:\/\/elinformante.mx\/index.php?rest_route=%2Fwp%2Fv2%2Fcomments&post=101694"}],"version-history":[{"count":0,"href":"https:\/\/elinformante.mx\/index.php?rest_route=\/wp\/v2\/posts\/101694\/revisions"}],"wp:featuredmedia":[{"embeddable":true,"href":"https:\/\/elinformante.mx\/index.php?rest_route=\/wp\/v2\/media\/101695"}],"wp:attachment":[{"href":"https:\/\/elinformante.mx\/index.php?rest_route=%2Fwp%2Fv2%2Fmedia&parent=101694"}],"wp:term":[{"taxonomy":"category","embeddable":true,"href":"https:\/\/elinformante.mx\/index.php?rest_route=%2Fwp%2Fv2%2Fcategories&post=101694"},{"taxonomy":"post_tag","embeddable":true,"href":"https:\/\/elinformante.mx\/index.php?rest_route=%2Fwp%2Fv2%2Ftags&post=101694"}],"curies":[{"name":"wp","href":"https:\/\/api.w.org\/{rel}","templated":true}]}}