{"id":101697,"date":"2026-03-13T18:22:42","date_gmt":"2026-03-14T00:22:42","guid":{"rendered":"https:\/\/elinformante.mx\/?p=101697"},"modified":"2026-03-13T18:22:55","modified_gmt":"2026-03-14T00:22:55","slug":"avanza-reforma-para-agilizar-cambio-de-nombres-peyorativos-en-edomex","status":"publish","type":"post","link":"https:\/\/elinformante.mx\/?p=101697","title":{"rendered":"AVANZA REFORMA PARA AGILIZAR CAMBIO DE NOMBRES PEYORATIVOS EN EDOM\u00c9X"},"content":{"rendered":"\n<p>La <strong>Comisi\u00f3n de Procuraci\u00f3n y Administraci\u00f3n de Justicia del Congreso del Estado de M\u00e9xico<\/strong> aprob\u00f3 un dictamen para reformar el <strong>C\u00f3digo Civil estatal<\/strong>, con el objetivo de agilizar los tr\u00e1mites de cambio de nombre cuando estos resulten peyorativos o afecten la dignidad de las personas.<\/p>\n\n\n\n<p>La iniciativa, presentada por la diputada <strong>Elena Garc\u00eda Mart\u00ednez (Morena)<\/strong>, propone reducir los tiempos de resoluci\u00f3n de las solicitudes, estableciendo un <strong>plazo m\u00e1ximo de 15 d\u00edas h\u00e1biles para emitir el dictamen<\/strong> y dos d\u00edas adicionales para realizar la anotaci\u00f3n correspondiente en el acta de nacimiento.<\/p>\n\n\n\n<p>Actualmente, aunque desde 2014 es posible realizar este tr\u00e1mite por v\u00eda administrativa sin acudir a un juicio, los tiempos de respuesta pueden tardar <strong>entre 60 y 90 d\u00edas<\/strong>, lo que puede afectar el acceso a programas sociales, pensiones, tr\u00e1mites escolares o derechos sucesorios.<\/p>\n\n\n\n<p>La diputada <strong>Miriam Silva Mata (PVEM)<\/strong> se\u00f1al\u00f3 que esta medida tambi\u00e9n beneficiar\u00e1 a personas de la <strong>diversidad sexual<\/strong>, al facilitar procesos de reasignaci\u00f3n de identidad, mientras que legisladores indicaron que simplificar tr\u00e1mites ayuda a mejorar la percepci\u00f3n ciudadana sobre los servicios gubernamentales.<\/p>\n\n\n\n<p>De acuerdo con datos del <strong>Registro Civil del Estado de M\u00e9xico<\/strong>, entre septiembre de 2023 y noviembre de 2024 se realizaron <strong>132 cambios de nombre<\/strong>, de los cuales <strong>26 se debieron a afectaciones a la dignidad humana<\/strong> y <strong>106 porque las personas utilizaron durante su vida un nombre distinto al registrado en su acta de nacimiento<\/strong>.<\/p>\n","protected":false},"excerpt":{"rendered":"<p>La Comisi\u00f3n de Procuraci\u00f3n y Administraci\u00f3n de Justicia del Congreso del Estado de M\u00e9xico aprob\u00f3 un dictamen para reformar el C\u00f3digo Civil estatal, con el objetivo de agilizar los tr\u00e1mites de cambio de nombre cuando estos resulten peyorativos o afecten la dignidad de las personas. La iniciativa, presentada por la diputada Elena Garc\u00eda Mart\u00ednez (Morena), [&hellip;]<\/p>\n","protected":false},"author":2,"featured_media":101698,"comment_status":"closed","ping_status":"closed","sticky":false,"template":"","format":"standard","meta":{"footnotes":""},"categories":[36,31],"tags":[],"class_list":["post-101697","post","type-post","status-publish","format-standard","has-post-thumbnail","hentry","category-edomex","category-portada"],"_links":{"self":[{"href":"https:\/\/elinformante.mx\/index.php?rest_route=\/wp\/v2\/posts\/101697","targetHints":{"allow":["GET"]}}],"collection":[{"href":"https:\/\/elinformante.mx\/index.php?rest_route=\/wp\/v2\/posts"}],"about":[{"href":"https:\/\/elinformante.mx\/index.php?rest_route=\/wp\/v2\/types\/post"}],"author":[{"embeddable":true,"href":"https:\/\/elinformante.mx\/index.php?rest_route=\/wp\/v2\/users\/2"}],"replies":[{"embeddable":true,"href":"https:\/\/elinformante.mx\/index.php?rest_route=%2Fwp%2Fv2%2Fcomments&post=101697"}],"version-history":[{"count":0,"href":"https:\/\/elinformante.mx\/index.php?rest_route=\/wp\/v2\/posts\/101697\/revisions"}],"wp:featuredmedia":[{"embeddable":true,"href":"https:\/\/elinformante.mx\/index.php?rest_route=\/wp\/v2\/media\/101698"}],"wp:attachment":[{"href":"https:\/\/elinformante.mx\/index.php?rest_route=%2Fwp%2Fv2%2Fmedia&parent=101697"}],"wp:term":[{"taxonomy":"category","embeddable":true,"href":"https:\/\/elinformante.mx\/index.php?rest_route=%2Fwp%2Fv2%2Fcategories&post=101697"},{"taxonomy":"post_tag","embeddable":true,"href":"https:\/\/elinformante.mx\/index.php?rest_route=%2Fwp%2Fv2%2Ftags&post=101697"}],"curies":[{"name":"wp","href":"https:\/\/api.w.org\/{rel}","templated":true}]}}