{"id":101824,"date":"2026-03-17T06:28:22","date_gmt":"2026-03-17T12:28:22","guid":{"rendered":"https:\/\/elinformante.mx\/?p=101824"},"modified":"2026-03-17T06:30:21","modified_gmt":"2026-03-17T12:30:21","slug":"fortalece-ana-muniz-la-economia-de-san-mateo-atenco-con-ruta-del-calzado","status":"publish","type":"post","link":"https:\/\/elinformante.mx\/?p=101824","title":{"rendered":"Fortalece Ana Mu\u00f1iz la econom\u00eda de San Mateo Atenco con \u201cRuta del Calzado\u201d"},"content":{"rendered":"\n<figure class=\"wp-block-pullquote\"><blockquote><p>-La exposici\u00f3n y venta de calzado artesanal llega a Huixquilucan y estar\u00e1 disponible en la explanada hasta el pr\u00f3ximo domingo 22 de marzo.<\/p><\/blockquote><\/figure>\n\n\n\n<p class=\"has-drop-cap\">La presidenta municipal de San Mateo Atenco contin\u00faa impulsando a la industria zapatera del municipio y al fortalecimiento de la econom\u00eda de las familias productoras.<br><\/p>\n\n\n\n<p>Mu\u00f1iz Neyra anunci\u00f3 en redes sociales el regreso de \u201cLa Ruta del Calzado\u201d, que ahora llegar\u00e1 al municipio de Huixquilucan.<br><\/p>\n\n\n\n<p>La iniciativa est\u00e1 apoyada por la alcaldesa Romina Contreras Carrasco, a quien Mu\u00f1iz Neyra agradeci\u00f3, se\u00f1alando que esta suma de esfuerzos permite llevar la calidad y el dise\u00f1o de las manos atenquenses a nuevos puntos de venta en el Estado de M\u00e9xico y la Ciudad de M\u00e9xico, consolidando el crecimiento de los fabricantes locales.<br><\/p>\n\n\n\n<figure class=\"wp-block-image size-large\"><img fetchpriority=\"high\" decoding=\"async\" width=\"1024\" height=\"506\" src=\"https:\/\/elinformante.mx\/wp-content\/uploads\/2026\/03\/13mateo-2-1024x506.jpg\" alt=\"\" class=\"wp-image-101830\" srcset=\"https:\/\/elinformante.mx\/wp-content\/uploads\/2026\/03\/13mateo-2-1024x506.jpg 1024w, https:\/\/elinformante.mx\/wp-content\/uploads\/2026\/03\/13mateo-2-300x148.jpg 300w, https:\/\/elinformante.mx\/wp-content\/uploads\/2026\/03\/13mateo-2-768x379.jpg 768w, https:\/\/elinformante.mx\/wp-content\/uploads\/2026\/03\/13mateo-2.jpg 1140w\" sizes=\"(max-width: 1024px) 100vw, 1024px\" \/><\/figure>\n\n\n\n<p>\u201cAgradezco a mi amiga Romina Contreras por su apoyo para seguir impulsando nuestra industria. Con La Ruta del Calzado no solo promovemos productos de alta calidad, sino que fortalecemos el sustento de cientos de familias de San Mateo Atenco\u201d, afirm\u00f3 la alcaldesa.<br><\/p>\n\n\n\n<p>Ser\u00e1 hasta el pr\u00f3ximo domingo 22 de marzo las y los visitantes podr\u00e1n encontrar una amplia variedad de modelos para dama, caballero y ni\u00f1os, adem\u00e1s de art\u00edculos de marroquiner\u00eda, en el espacio instalado frente a la Presidencia Municipal de Huixquilucan.<br><\/p>\n\n\n\n<p>Esta colaboraci\u00f3n se enmarca en el eje de trabajo conjunto entre ambas administraciones bajo el lema #UnidosS\u00ed, #UnidosSiempre, demostrando que la coordinaci\u00f3n intermunicipal es clave para generar resultados tangibles en beneficio de la ciudadan\u00eda y los sectores productivos.<\/p>\n","protected":false},"excerpt":{"rendered":"<p>-La exposici\u00f3n y venta de calzado artesanal llega a Huixquilucan y estar\u00e1 disponible en la explanada hasta el pr\u00f3ximo domingo 22 de marzo. La presidenta municipal de San Mateo Atenco contin\u00faa impulsando a la industria zapatera del municipio y al fortalecimiento de la econom\u00eda de las familias productoras. Mu\u00f1iz Neyra anunci\u00f3 en redes sociales el [&hellip;]<\/p>\n","protected":false},"author":1,"featured_media":101828,"comment_status":"closed","ping_status":"closed","sticky":false,"template":"","format":"standard","meta":{"footnotes":""},"categories":[30,36],"tags":[],"class_list":["post-101824","post","type-post","status-publish","format-standard","has-post-thumbnail","hentry","category-destacado","category-edomex"],"_links":{"self":[{"href":"https:\/\/elinformante.mx\/index.php?rest_route=\/wp\/v2\/posts\/101824","targetHints":{"allow":["GET"]}}],"collection":[{"href":"https:\/\/elinformante.mx\/index.php?rest_route=\/wp\/v2\/posts"}],"about":[{"href":"https:\/\/elinformante.mx\/index.php?rest_route=\/wp\/v2\/types\/post"}],"author":[{"embeddable":true,"href":"https:\/\/elinformante.mx\/index.php?rest_route=\/wp\/v2\/users\/1"}],"replies":[{"embeddable":true,"href":"https:\/\/elinformante.mx\/index.php?rest_route=%2Fwp%2Fv2%2Fcomments&post=101824"}],"version-history":[{"count":0,"href":"https:\/\/elinformante.mx\/index.php?rest_route=\/wp\/v2\/posts\/101824\/revisions"}],"wp:featuredmedia":[{"embeddable":true,"href":"https:\/\/elinformante.mx\/index.php?rest_route=\/wp\/v2\/media\/101828"}],"wp:attachment":[{"href":"https:\/\/elinformante.mx\/index.php?rest_route=%2Fwp%2Fv2%2Fmedia&parent=101824"}],"wp:term":[{"taxonomy":"category","embeddable":true,"href":"https:\/\/elinformante.mx\/index.php?rest_route=%2Fwp%2Fv2%2Fcategories&post=101824"},{"taxonomy":"post_tag","embeddable":true,"href":"https:\/\/elinformante.mx\/index.php?rest_route=%2Fwp%2Fv2%2Ftags&post=101824"}],"curies":[{"name":"wp","href":"https:\/\/api.w.org\/{rel}","templated":true}]}}