{"id":101829,"date":"2026-03-17T06:32:27","date_gmt":"2026-03-17T12:32:27","guid":{"rendered":"https:\/\/elinformante.mx\/?p=101829"},"modified":"2026-03-17T06:32:31","modified_gmt":"2026-03-17T12:32:31","slug":"reconoce-ramirez-ponce-jornada-de-limpieza-de-profepa-en-el-rio-lerma","status":"publish","type":"post","link":"https:\/\/elinformante.mx\/?p=101829","title":{"rendered":"Reconoce Ram\u00edrez Ponce jornada de limpieza de Profepa en el r\u00edo Lerma"},"content":{"rendered":"\n<figure class=\"wp-block-pullquote\"><blockquote><p>-Destac\u00f3 la importancia de la colaboraci\u00f3n interinstitucional para dar cumplimiento al Acuerdo Nacional por el Derecho Humano al Agua y la Sustentabilidad.<\/p><\/blockquote><\/figure>\n\n\n\n<p class=\"has-drop-cap\">Bajo la premisa de que el trabajo en equipo es la clave para transformar el entorno, el presidente municipal de Lerma, Miguel \u00c1ngel Ram\u00edrez Ponce, reconoci\u00f3 la primera Jornada de Limpieza del R\u00edo Lerma en el afluente Ameyalco realizada por Profepa.<br><\/p>\n\n\n\n<p>Profepa realiz\u00f3 esta acci\u00f3n como parte de una estrategia integral para la restauraci\u00f3n y saneamiento de la cuenca R\u00edo Lerma\u2013Santiago.<br><\/p>\n\n\n\n<p>Durante la jornada, que reuni\u00f3 a cerca de 300 personas, el alcalde Ram\u00edrez Ponce destac\u00f3 la importancia de la colaboraci\u00f3n interinstitucional para dar cumplimiento al Acuerdo Nacional por el Derecho Humano al Agua y la Sustentabilidad.<br><\/p>\n\n\n\n<p>\u201cEn Lerma sabemos que sumar esfuerzos es la \u00fanica v\u00eda para multiplicar los resultados en beneficio de nuestras familias y del medio ambiente\u201d, afirm\u00f3.<br><\/p>\n\n\n\n<figure class=\"wp-block-image size-large\"><img fetchpriority=\"high\" decoding=\"async\" width=\"1024\" height=\"506\" src=\"https:\/\/elinformante.mx\/wp-content\/uploads\/2026\/03\/12lerma-4-1024x506.jpg\" alt=\"\" class=\"wp-image-101834\" srcset=\"https:\/\/elinformante.mx\/wp-content\/uploads\/2026\/03\/12lerma-4-1024x506.jpg 1024w, https:\/\/elinformante.mx\/wp-content\/uploads\/2026\/03\/12lerma-4-300x148.jpg 300w, https:\/\/elinformante.mx\/wp-content\/uploads\/2026\/03\/12lerma-4-768x379.jpg 768w, https:\/\/elinformante.mx\/wp-content\/uploads\/2026\/03\/12lerma-4.jpg 1140w\" sizes=\"(max-width: 1024px) 100vw, 1024px\" \/><\/figure>\n\n\n\n<p>Las labores se concentraron en 150 metros lineales del afluente Ameyalco, logrando retirar una cifra r\u00e9cord de 13 toneladas de residuos s\u00f3lidos urbanos, adem\u00e1s de 350 kilogramos de residuos de manejo especial, principalmente llantas.<br><\/p>\n\n\n\n<p>Esta intervenci\u00f3n no solo mejora la imagen urbana, sino que es vital para la recuperaci\u00f3n del ecosistema y para evitar afectaciones en la calidad del agua y la biodiversidad que dependen de este cuerpo de agua.<br><\/p>\n\n\n\n<p>El \u00e9xito de la jornada fue posible gracias a la participaci\u00f3n activa de una brigada de la PROFEPA en el Estado de M\u00e9xico, estudiantes de la Facultad de Planeaci\u00f3n Urbana de la UAEM\u00e9x, personal de la SEMARNAT y representantes del sector privado. Cabe destacar que, previo a esta actividad, empresas locales se sumaron a la convocatoria para garantizar la disposici\u00f3n final de los neum\u00e1ticos recolectados.<br><\/p>\n\n\n\n<p>Se\u00f1al\u00f3 Ram\u00edrez Ponce que estas acciones son un compromiso con el rescate de los cauces y la generaci\u00f3n de conciencia social, trabajando hombro con hombro con la ciudadan\u00eda y la academia para devolverle la vida al R\u00edo Lerma.<\/p>\n","protected":false},"excerpt":{"rendered":"<p>-Destac\u00f3 la importancia de la colaboraci\u00f3n interinstitucional para dar cumplimiento al Acuerdo Nacional por el Derecho Humano al Agua y la Sustentabilidad. Bajo la premisa de que el trabajo en equipo es la clave para transformar el entorno, el presidente municipal de Lerma, Miguel \u00c1ngel Ram\u00edrez Ponce, reconoci\u00f3 la primera Jornada de Limpieza del R\u00edo [&hellip;]<\/p>\n","protected":false},"author":1,"featured_media":101833,"comment_status":"closed","ping_status":"closed","sticky":false,"template":"","format":"standard","meta":{"footnotes":""},"categories":[30,36],"tags":[],"class_list":["post-101829","post","type-post","status-publish","format-standard","has-post-thumbnail","hentry","category-destacado","category-edomex"],"_links":{"self":[{"href":"https:\/\/elinformante.mx\/index.php?rest_route=\/wp\/v2\/posts\/101829","targetHints":{"allow":["GET"]}}],"collection":[{"href":"https:\/\/elinformante.mx\/index.php?rest_route=\/wp\/v2\/posts"}],"about":[{"href":"https:\/\/elinformante.mx\/index.php?rest_route=\/wp\/v2\/types\/post"}],"author":[{"embeddable":true,"href":"https:\/\/elinformante.mx\/index.php?rest_route=\/wp\/v2\/users\/1"}],"replies":[{"embeddable":true,"href":"https:\/\/elinformante.mx\/index.php?rest_route=%2Fwp%2Fv2%2Fcomments&post=101829"}],"version-history":[{"count":0,"href":"https:\/\/elinformante.mx\/index.php?rest_route=\/wp\/v2\/posts\/101829\/revisions"}],"wp:featuredmedia":[{"embeddable":true,"href":"https:\/\/elinformante.mx\/index.php?rest_route=\/wp\/v2\/media\/101833"}],"wp:attachment":[{"href":"https:\/\/elinformante.mx\/index.php?rest_route=%2Fwp%2Fv2%2Fmedia&parent=101829"}],"wp:term":[{"taxonomy":"category","embeddable":true,"href":"https:\/\/elinformante.mx\/index.php?rest_route=%2Fwp%2Fv2%2Fcategories&post=101829"},{"taxonomy":"post_tag","embeddable":true,"href":"https:\/\/elinformante.mx\/index.php?rest_route=%2Fwp%2Fv2%2Ftags&post=101829"}],"curies":[{"name":"wp","href":"https:\/\/api.w.org\/{rel}","templated":true}]}}