{"id":101835,"date":"2026-03-17T06:36:14","date_gmt":"2026-03-17T12:36:14","guid":{"rendered":"https:\/\/elinformante.mx\/?p=101835"},"modified":"2026-03-17T06:36:19","modified_gmt":"2026-03-17T12:36:19","slug":"invita-ricardo-moreno-a-disfrutar-del-festival-primaverarte-2026","status":"publish","type":"post","link":"https:\/\/elinformante.mx\/?p=101835","title":{"rendered":"Invita Ricardo Moreno a disfrutar del festival \u201cPrimaverArte 2026\u201d"},"content":{"rendered":"\n<figure class=\"wp-block-pullquote\"><blockquote><p>-Del 17 al 22 de marzo, el coraz\u00f3n de la capital se llenar\u00e1 de m\u00fasica, danza, teatro y exposiciones con entrada libre.<\/p><\/blockquote><\/figure>\n\n\n\n<p class=\"has-drop-cap\">El presidente municipal de Toluca, Ricardo Moreno Bastida, hizo un llamado a las familias toluque\u00f1as, mexiquenses y visitantes de la Ciudad de M\u00e9xico a vivir el festival \u201cPrimaverArte 2026\u201d, una celebraci\u00f3n que busca alimentar el alma y fortalecer el orgullo por la capital a trav\u00e9s de la cultura y el arte.<br><\/p>\n\n\n\n<p>La gran fiesta cultural arrancar\u00e1 este 17 de marzo en la Plaza Fray Andr\u00e9s de Castro, donde se llevar\u00e1 a cabo un encuentro literario de primer nivel con la presencia del reconocido escritor Juan Villoro y el cineasta y novelista Guillermo Arriaga.<br><\/p>\n\n\n\n<p>El edil subray\u00f3 que este evento ser\u00e1 abierto para todas y todos con entrada libre. \u201cMe entusiasma saber que no solo las familias de nuestra ciudad podr\u00e1n disfrutarlo; hoy llegar a Toluca es m\u00e1s f\u00e1cil que nunca a trav\u00e9s del tren El Insurgente, lo que abre las puertas a quienes vienen de la Ciudad de M\u00e9xico para sumarse a esta gran fiesta\u201d, afirm\u00f3 Moreno Bastida.<br><\/p>\n\n\n\n<figure class=\"wp-block-image size-large\"><img fetchpriority=\"high\" decoding=\"async\" width=\"1024\" height=\"506\" src=\"https:\/\/elinformante.mx\/wp-content\/uploads\/2026\/03\/11toluca-10-1024x506.jpg\" alt=\"\" class=\"wp-image-101840\" srcset=\"https:\/\/elinformante.mx\/wp-content\/uploads\/2026\/03\/11toluca-10-1024x506.jpg 1024w, https:\/\/elinformante.mx\/wp-content\/uploads\/2026\/03\/11toluca-10-300x148.jpg 300w, https:\/\/elinformante.mx\/wp-content\/uploads\/2026\/03\/11toluca-10-768x379.jpg 768w, https:\/\/elinformante.mx\/wp-content\/uploads\/2026\/03\/11toluca-10.jpg 1140w\" sizes=\"(max-width: 1024px) 100vw, 1024px\" \/><\/figure>\n\n\n\n<p>Adem\u00e1s del eje literario, el presidente municipal inform\u00f3 que el programa de PrimavArte incluye una oferta diversa que abarca desde presentaciones de m\u00fasica y danza en vivo en el coraz\u00f3n de la ciudad.<br><\/p>\n\n\n\n<p>Adem\u00e1s de exposiciones gr\u00e1ficas y puestas en escena para todas las edades. Record\u00f3 que se contar\u00e1 con espacios de di\u00e1logo con escritoras y escritores que compartir\u00e1n su voz con el p\u00fablico.<br><\/p>\n\n\n\n<p>Moreno Bastida reiter\u00f3 su invitaci\u00f3n a consultar el programa oficial en las plataformas del Ayuntamiento, destacando que el festival es una oportunidad para el encuentro ciudadano y la recuperaci\u00f3n de la identidad cultural.<br><\/p>\n\n\n\n<p>\u201cLes espero en Toluca para disfrutar juntos de PrimavArte, una tarde de cultura y orgullo por nuestra capital donde la primavera nos sorprender\u00e1 compartiendo el arte en las calles\u201d, concluy\u00f3.<\/p>\n","protected":false},"excerpt":{"rendered":"<p>-Del 17 al 22 de marzo, el coraz\u00f3n de la capital se llenar\u00e1 de m\u00fasica, danza, teatro y exposiciones con entrada libre. El presidente municipal de Toluca, Ricardo Moreno Bastida, hizo un llamado a las familias toluque\u00f1as, mexiquenses y visitantes de la Ciudad de M\u00e9xico a vivir el festival \u201cPrimaverArte 2026\u201d, una celebraci\u00f3n que busca [&hellip;]<\/p>\n","protected":false},"author":1,"featured_media":101839,"comment_status":"closed","ping_status":"closed","sticky":false,"template":"","format":"standard","meta":{"footnotes":""},"categories":[30,36],"tags":[],"class_list":["post-101835","post","type-post","status-publish","format-standard","has-post-thumbnail","hentry","category-destacado","category-edomex"],"_links":{"self":[{"href":"https:\/\/elinformante.mx\/index.php?rest_route=\/wp\/v2\/posts\/101835","targetHints":{"allow":["GET"]}}],"collection":[{"href":"https:\/\/elinformante.mx\/index.php?rest_route=\/wp\/v2\/posts"}],"about":[{"href":"https:\/\/elinformante.mx\/index.php?rest_route=\/wp\/v2\/types\/post"}],"author":[{"embeddable":true,"href":"https:\/\/elinformante.mx\/index.php?rest_route=\/wp\/v2\/users\/1"}],"replies":[{"embeddable":true,"href":"https:\/\/elinformante.mx\/index.php?rest_route=%2Fwp%2Fv2%2Fcomments&post=101835"}],"version-history":[{"count":0,"href":"https:\/\/elinformante.mx\/index.php?rest_route=\/wp\/v2\/posts\/101835\/revisions"}],"wp:featuredmedia":[{"embeddable":true,"href":"https:\/\/elinformante.mx\/index.php?rest_route=\/wp\/v2\/media\/101839"}],"wp:attachment":[{"href":"https:\/\/elinformante.mx\/index.php?rest_route=%2Fwp%2Fv2%2Fmedia&parent=101835"}],"wp:term":[{"taxonomy":"category","embeddable":true,"href":"https:\/\/elinformante.mx\/index.php?rest_route=%2Fwp%2Fv2%2Fcategories&post=101835"},{"taxonomy":"post_tag","embeddable":true,"href":"https:\/\/elinformante.mx\/index.php?rest_route=%2Fwp%2Fv2%2Ftags&post=101835"}],"curies":[{"name":"wp","href":"https:\/\/api.w.org\/{rel}","templated":true}]}}