{"id":101863,"date":"2026-03-17T07:17:52","date_gmt":"2026-03-17T13:17:52","guid":{"rendered":"https:\/\/elinformante.mx\/?p=101863"},"modified":"2026-03-17T07:18:16","modified_gmt":"2026-03-17T13:18:16","slug":"pone-en-marcha-clara-brugada-campana-chichihualli","status":"publish","type":"post","link":"https:\/\/elinformante.mx\/?p=101863","title":{"rendered":"Pone en marcha Clara Brugada Campa\u00f1a \u201cChichihualli\u201d"},"content":{"rendered":"\n<figure class=\"wp-block-pullquote\"><blockquote><p>-Se busca realizar en CDMX durante 2026 y 2027 un total de un mill\u00f3n de mastograf\u00edas.<\/p><\/blockquote><\/figure>\n\n\n\n<p class=\"has-drop-cap\">La Jefa de Gobierno, Clara Brugada Molina, encabez\u00f3 la puesta en marcha de la campa\u00f1a de salud preventiva \u201cChichihualli\u201d para la detecci\u00f3n oportuna de c\u00e1ncer de mama y lograr una reducci\u00f3n significativa y sostenida de la mortalidad de mujeres en esta ciudad debido a este padecimiento, para lo cual se invirtieron 400 millones de pesos para la adquisici\u00f3n de m\u00e1s mast\u00f3grafos m\u00f3viles, a fin de realizar un total de un mill\u00f3n de mastograf\u00edas en 2026 y 2027.<br><\/p>\n\n\n\n<p>La titular del Ejecutivo local subray\u00f3 que el c\u00e1ncer es la principal causa de muerte en la poblaci\u00f3n femenina, cuya tasa de mortalidad en el pa\u00eds es de 18.7 por cada 100 mil habitantes, y 21 decesos en la capital del pa\u00eds.<br><\/p>\n\n\n\n<p>Brugada Molina detall\u00f3 que el objetivo para este 2026 es realizar medio mill\u00f3n de mastograf\u00edas y para 2027 ser\u00e1 un tanto similar, para llegar a un mill\u00f3n, para lo cual record\u00f3 que actualmente se cuentan con 40 mast\u00f3grafos, entre m\u00f3viles y fijos, y este a\u00f1o se invirtieron 400 millones de pesos para la adquisici\u00f3n de 20 m\u00e1s y con ello contar con 60 para alcanzar la meta de medio mill\u00f3n de mastograf\u00edas a realizar.<br><\/p>\n\n\n\n<p>A\u00f1adi\u00f3 que existe una norma oficial mexicana que establece lineamientos de prevenci\u00f3n, diagn\u00f3stico, tratamiento y vigilancia epidemiol\u00f3gica de c\u00e1ncer de mama en el pa\u00eds que refiere que todas las mujeres a partir de los 20 a\u00f1os deben realizarse la autoexploraci\u00f3n al menos una vez al mes, y que a partir de los 40 a\u00f1os deben realizarse mastograf\u00edas cada dos a\u00f1os para detectar posibles alteraciones, incluso, antes de que aparezcan s\u00edntomas.<br><\/p>\n\n\n\n<figure class=\"wp-block-image size-large\"><img fetchpriority=\"high\" decoding=\"async\" width=\"1024\" height=\"506\" src=\"https:\/\/elinformante.mx\/wp-content\/uploads\/2026\/03\/5clara-1-1024x506.jpg\" alt=\"\" class=\"wp-image-101867\" srcset=\"https:\/\/elinformante.mx\/wp-content\/uploads\/2026\/03\/5clara-1-1024x506.jpg 1024w, https:\/\/elinformante.mx\/wp-content\/uploads\/2026\/03\/5clara-1-300x148.jpg 300w, https:\/\/elinformante.mx\/wp-content\/uploads\/2026\/03\/5clara-1-768x379.jpg 768w, https:\/\/elinformante.mx\/wp-content\/uploads\/2026\/03\/5clara-1.jpg 1140w\" sizes=\"(max-width: 1024px) 100vw, 1024px\" \/><\/figure>\n\n\n\n<p>\u201cLas mastograf\u00edas se convierten en la herramienta fundamental para la detecci\u00f3n oportuna de c\u00e1ncer de mama y con ello salvar vidas\u201d, a\u00f1adi\u00f3.<br><\/p>\n\n\n\n<p>Record\u00f3 que la atenci\u00f3n a la salud se encuentra a cargo de las diferentes instancias del Gobierno Federal, mientras que la tarea desde la administraci\u00f3n de la ciudad, a trav\u00e9s de la dependencia sanitaria local, est\u00e1 orientada a la prevenci\u00f3n y promoci\u00f3n de la salud bajo el lema: Queremos construir una ciudad que produzca salud\u201d.<br><\/p>\n\n\n\n<p>Explic\u00f3 que el nombre de la estrategia de detecci\u00f3n oportuna de c\u00e1ncer de mama \u201cChichihualli\u201d busca reivindicar la palabra de origen n\u00e1huatl y reconocer su significado cultural con una relaci\u00f3n profunda entre el cuerpo, la vida y el cuidado de la mujer.<br><\/p>\n\n\n\n<p>Por su parte, la secretaria de Salud P\u00fablica capitalina, Nadine Gasman Zylbermann, destac\u00f3 que esta estrategia tiene un enfoque integral y comunitario, que empieza con promover el autocuidado, identificar y trabajar los factores de riesgo, promover la participaci\u00f3n comunitaria, acercar los servicios de tamizaje a las comunidades y acompa\u00f1amiento de promotores de salud.<\/p>\n","protected":false},"excerpt":{"rendered":"<p>-Se busca realizar en CDMX durante 2026 y 2027 un total de un mill\u00f3n de mastograf\u00edas. La Jefa de Gobierno, Clara Brugada Molina, encabez\u00f3 la puesta en marcha de la campa\u00f1a de salud preventiva \u201cChichihualli\u201d para la detecci\u00f3n oportuna de c\u00e1ncer de mama y lograr una reducci\u00f3n significativa y sostenida de la mortalidad de mujeres [&hellip;]<\/p>\n","protected":false},"author":1,"featured_media":101866,"comment_status":"closed","ping_status":"closed","sticky":false,"template":"","format":"standard","meta":{"footnotes":""},"categories":[35,30],"tags":[],"class_list":["post-101863","post","type-post","status-publish","format-standard","has-post-thumbnail","hentry","category-cdmx","category-destacado"],"_links":{"self":[{"href":"https:\/\/elinformante.mx\/index.php?rest_route=\/wp\/v2\/posts\/101863","targetHints":{"allow":["GET"]}}],"collection":[{"href":"https:\/\/elinformante.mx\/index.php?rest_route=\/wp\/v2\/posts"}],"about":[{"href":"https:\/\/elinformante.mx\/index.php?rest_route=\/wp\/v2\/types\/post"}],"author":[{"embeddable":true,"href":"https:\/\/elinformante.mx\/index.php?rest_route=\/wp\/v2\/users\/1"}],"replies":[{"embeddable":true,"href":"https:\/\/elinformante.mx\/index.php?rest_route=%2Fwp%2Fv2%2Fcomments&post=101863"}],"version-history":[{"count":0,"href":"https:\/\/elinformante.mx\/index.php?rest_route=\/wp\/v2\/posts\/101863\/revisions"}],"wp:featuredmedia":[{"embeddable":true,"href":"https:\/\/elinformante.mx\/index.php?rest_route=\/wp\/v2\/media\/101866"}],"wp:attachment":[{"href":"https:\/\/elinformante.mx\/index.php?rest_route=%2Fwp%2Fv2%2Fmedia&parent=101863"}],"wp:term":[{"taxonomy":"category","embeddable":true,"href":"https:\/\/elinformante.mx\/index.php?rest_route=%2Fwp%2Fv2%2Fcategories&post=101863"},{"taxonomy":"post_tag","embeddable":true,"href":"https:\/\/elinformante.mx\/index.php?rest_route=%2Fwp%2Fv2%2Ftags&post=101863"}],"curies":[{"name":"wp","href":"https:\/\/api.w.org\/{rel}","templated":true}]}}