{"id":101879,"date":"2026-03-17T07:45:40","date_gmt":"2026-03-17T13:45:40","guid":{"rendered":"https:\/\/elinformante.mx\/?p=101879"},"modified":"2026-03-17T07:45:44","modified_gmt":"2026-03-17T13:45:44","slug":"se-reune-garcia-harfuch-con-el-director-de-la-dea-en-washington","status":"publish","type":"post","link":"https:\/\/elinformante.mx\/?p=101879","title":{"rendered":"SE RE\u00daNE GARC\u00cdA HARFUCH CON EL DIRECTOR DE LA DEA EN WASHINGTON"},"content":{"rendered":"\n<figure class=\"wp-block-pullquote\"><blockquote><p>-Estas acciones se realizan con el objetivo de mantener y ampliar la cooperaci\u00f3n internacional en materia de seguridad.<\/p><\/blockquote><\/figure>\n\n\n\n<p class=\"has-drop-cap\">El titular de la Secretar\u00eda de Seguridad y Protecci\u00f3n Ciudadana, Omar Garc\u00eda Harfuch, inform\u00f3 en redes sociales que se reuni\u00f3 en Washington, Estados Unidos, con el director de la Drug Enforcement Administration (DEA), Terrance Cole, para dialogar sobre la cooperaci\u00f3n bilateral en el combate al narcotr\u00e1fico y al tr\u00e1fico de armas.<br><\/p>\n\n\n\n<p>Garc\u00eda Harfuch inform\u00f3 que el encuentro se realiz\u00f3 en representaci\u00f3n del Gabinete de Seguridad del Gobierno de M\u00e9xico y form\u00f3 parte de los esfuerzos para fortalecer la coordinaci\u00f3n entre ambos pa\u00edses en materia de seguridad.<br><\/p>\n\n\n\n<p>\u201cEn Washington D. C. asist\u00ed en representaci\u00f3n del Gabinete de Seguridad para dialogar con el director de la DEA, Terrance Cole, sobre la importancia de fortalecer la cooperaci\u00f3n bilateral para combatir el narcotr\u00e1fico, frenar el tr\u00e1fico de armas hacia nuestro pa\u00eds y disminuir la violencia en M\u00e9xico con detenciones relevantes\u201d, se\u00f1al\u00f3.<br><\/p>\n\n\n\n<figure class=\"wp-block-image size-large\"><img fetchpriority=\"high\" decoding=\"async\" width=\"1024\" height=\"506\" src=\"https:\/\/elinformante.mx\/wp-content\/uploads\/2026\/03\/9omar-1-1024x506.jpg\" alt=\"\" class=\"wp-image-101883\" srcset=\"https:\/\/elinformante.mx\/wp-content\/uploads\/2026\/03\/9omar-1-1024x506.jpg 1024w, https:\/\/elinformante.mx\/wp-content\/uploads\/2026\/03\/9omar-1-300x148.jpg 300w, https:\/\/elinformante.mx\/wp-content\/uploads\/2026\/03\/9omar-1-768x379.jpg 768w, https:\/\/elinformante.mx\/wp-content\/uploads\/2026\/03\/9omar-1.jpg 1140w\" sizes=\"(max-width: 1024px) 100vw, 1024px\" \/><\/figure>\n\n\n\n<p>El secretario agreg\u00f3 que estas acciones se realizan por instrucci\u00f3n de la presidenta Claudia Sheinbaum, con el objetivo de mantener y ampliar la cooperaci\u00f3n internacional en materia de seguridad.<br><\/p>\n\n\n\n<p>Mientras que la DEA tambi\u00e9n inform\u00f3 en redes sociales que el di\u00e1logo se centr\u00f3 en fortalecer la colaboraci\u00f3n transfronteriza en la lucha contra el narcotr\u00e1fico y en la creaci\u00f3n de comunidades m\u00e1s seguras a ambos lados de la frontera.<br><\/p>\n\n\n\n<p>El encuentro se produjo en un contexto en el que M\u00e9xico y Estados Unidos iniciaron mesas de di\u00e1logo para abordar temas econ\u00f3micos y de seguridad entre ambos gobiernos.<br><\/p>\n\n\n\n<figure class=\"wp-block-image size-large\"><img decoding=\"async\" width=\"1024\" height=\"506\" src=\"https:\/\/elinformante.mx\/wp-content\/uploads\/2026\/03\/9omar-2-1-1024x506.jpg\" alt=\"\" class=\"wp-image-101884\" srcset=\"https:\/\/elinformante.mx\/wp-content\/uploads\/2026\/03\/9omar-2-1-1024x506.jpg 1024w, https:\/\/elinformante.mx\/wp-content\/uploads\/2026\/03\/9omar-2-1-300x148.jpg 300w, https:\/\/elinformante.mx\/wp-content\/uploads\/2026\/03\/9omar-2-1-768x379.jpg 768w, https:\/\/elinformante.mx\/wp-content\/uploads\/2026\/03\/9omar-2-1.jpg 1140w\" sizes=\"(max-width: 1024px) 100vw, 1024px\" \/><\/figure>\n\n\n\n<p>La presidenta Claudia Sheinbaum ya hab\u00eda se\u00f1alado que su administraci\u00f3n busca mantener una relaci\u00f3n de cooperaci\u00f3n con Estados Unidos, aunque reiter\u00f3 que la soberan\u00eda nacional no est\u00e1 en negociaci\u00f3n.<br><\/p>\n\n\n\n<p>\u201cHay momentos de desacuerdos, cuando se habla de nuestra soberan\u00eda, pues nosotros tenemos que responder. Pero buscamos siempre una buena relaci\u00f3n con el gobierno de Estados Unidos\u201d, expres\u00f3 la mandataria.<br><\/p>\n\n\n\n<p>Las declaraciones se dieron despu\u00e9s de que el presidente estadounidense Donald Trump insistiera recientemente en que M\u00e9xico no debi\u00f3 rechazar su ofrecimiento de apoyo para combatir a los c\u00e1rteles del narcotr\u00e1fico.<\/p>\n","protected":false},"excerpt":{"rendered":"<p>-Estas acciones se realizan con el objetivo de mantener y ampliar la cooperaci\u00f3n internacional en materia de seguridad. El titular de la Secretar\u00eda de Seguridad y Protecci\u00f3n Ciudadana, Omar Garc\u00eda Harfuch, inform\u00f3 en redes sociales que se reuni\u00f3 en Washington, Estados Unidos, con el director de la Drug Enforcement Administration (DEA), Terrance Cole, para dialogar [&hellip;]<\/p>\n","protected":false},"author":1,"featured_media":101882,"comment_status":"closed","ping_status":"closed","sticky":false,"template":"","format":"standard","meta":{"footnotes":""},"categories":[30,34,31],"tags":[47],"class_list":["post-101879","post","type-post","status-publish","format-standard","has-post-thumbnail","hentry","category-destacado","category-nacional","category-portada","tag-portadanacional"],"_links":{"self":[{"href":"https:\/\/elinformante.mx\/index.php?rest_route=\/wp\/v2\/posts\/101879","targetHints":{"allow":["GET"]}}],"collection":[{"href":"https:\/\/elinformante.mx\/index.php?rest_route=\/wp\/v2\/posts"}],"about":[{"href":"https:\/\/elinformante.mx\/index.php?rest_route=\/wp\/v2\/types\/post"}],"author":[{"embeddable":true,"href":"https:\/\/elinformante.mx\/index.php?rest_route=\/wp\/v2\/users\/1"}],"replies":[{"embeddable":true,"href":"https:\/\/elinformante.mx\/index.php?rest_route=%2Fwp%2Fv2%2Fcomments&post=101879"}],"version-history":[{"count":0,"href":"https:\/\/elinformante.mx\/index.php?rest_route=\/wp\/v2\/posts\/101879\/revisions"}],"wp:featuredmedia":[{"embeddable":true,"href":"https:\/\/elinformante.mx\/index.php?rest_route=\/wp\/v2\/media\/101882"}],"wp:attachment":[{"href":"https:\/\/elinformante.mx\/index.php?rest_route=%2Fwp%2Fv2%2Fmedia&parent=101879"}],"wp:term":[{"taxonomy":"category","embeddable":true,"href":"https:\/\/elinformante.mx\/index.php?rest_route=%2Fwp%2Fv2%2Fcategories&post=101879"},{"taxonomy":"post_tag","embeddable":true,"href":"https:\/\/elinformante.mx\/index.php?rest_route=%2Fwp%2Fv2%2Ftags&post=101879"}],"curies":[{"name":"wp","href":"https:\/\/api.w.org\/{rel}","templated":true}]}}