{"id":101885,"date":"2026-03-17T11:13:12","date_gmt":"2026-03-17T17:13:12","guid":{"rendered":"https:\/\/elinformante.mx\/?p=101885"},"modified":"2026-03-17T12:23:20","modified_gmt":"2026-03-17T18:23:20","slug":"mexico-considera-factible-recibir-partidos-de-iran-en-el-mundial-2026","status":"publish","type":"post","link":"https:\/\/elinformante.mx\/?p=101885","title":{"rendered":"M\u00e9xico considera factible recibir partidos de Ir\u00e1n en el Mundial 2026"},"content":{"rendered":"\n<p>La presidenta de M\u00e9xico, Claudia Sheinbaum, se\u00f1al\u00f3 que el pa\u00eds ve como una posibilidad viable albergar los partidos de la selecci\u00f3n de Ir\u00e1n durante la Copa Mundial de la FIFA 2026, ante las complicaciones que enfrenta el equipo asi\u00e1tico para disputar sus encuentros en Estados Unidos.<\/p>\n\n\n\n<p>Durante su conferencia matutina, la mandataria explic\u00f3 que la situaci\u00f3n se encuentra en an\u00e1lisis junto con la FIFA y que, en caso de concretarse, se informar\u00e1 oficialmente. La postura surge luego de que la Federaci\u00f3n de Futbol de Ir\u00e1n iniciara gestiones para trasladar sus partidos del grupo G a territorio mexicano.<\/p>\n\n\n\n<p>Las dificultades estar\u00edan relacionadas con temas de seguridad, log\u00edstica y la emisi\u00f3n de visas en Estados Unidos, en medio del contexto geopol\u00edtico actual. Ante ello, autoridades iran\u00edes han planteado a M\u00e9xico como una alternativa para garantizar su participaci\u00f3n en el torneo.<\/p>\n\n\n\n<p>Por su parte, la FIFA ha indicado que mantiene comunicaci\u00f3n con todas las federaciones participantes y que, por ahora, el calendario oficial anunciado en diciembre de 2025 se mantiene sin cambios. No obstante, reconocen que se analiza cualquier escenario que permita el desarrollo adecuado del torneo.<\/p>\n\n\n\n<p>M\u00e9xico ser\u00e1 uno de los pa\u00edses anfitriones del Mundial 2026 junto con Estados Unidos y Canad\u00e1, con sedes en Ciudad de M\u00e9xico, Guadalajara y Monterrey. Cualquier modificaci\u00f3n en la sede de los partidos depender\u00e1 de acuerdos entre la FIFA, los gobiernos involucrados y las federaciones correspondientes.<\/p>\n\n\n\n<p><\/p>\n","protected":false},"excerpt":{"rendered":"<p>La presidenta de M\u00e9xico, Claudia Sheinbaum, se\u00f1al\u00f3 que el pa\u00eds ve como una posibilidad viable albergar los partidos de la selecci\u00f3n de Ir\u00e1n durante la Copa Mundial de la FIFA 2026, ante las complicaciones que enfrenta el equipo asi\u00e1tico para disputar sus encuentros en Estados Unidos. Durante su conferencia matutina, la mandataria explic\u00f3 que la [&hellip;]<\/p>\n","protected":false},"author":2,"featured_media":101886,"comment_status":"closed","ping_status":"closed","sticky":false,"template":"","format":"standard","meta":{"footnotes":""},"categories":[38],"tags":[],"class_list":["post-101885","post","type-post","status-publish","format-standard","has-post-thumbnail","hentry","category-deportes"],"_links":{"self":[{"href":"https:\/\/elinformante.mx\/index.php?rest_route=\/wp\/v2\/posts\/101885","targetHints":{"allow":["GET"]}}],"collection":[{"href":"https:\/\/elinformante.mx\/index.php?rest_route=\/wp\/v2\/posts"}],"about":[{"href":"https:\/\/elinformante.mx\/index.php?rest_route=\/wp\/v2\/types\/post"}],"author":[{"embeddable":true,"href":"https:\/\/elinformante.mx\/index.php?rest_route=\/wp\/v2\/users\/2"}],"replies":[{"embeddable":true,"href":"https:\/\/elinformante.mx\/index.php?rest_route=%2Fwp%2Fv2%2Fcomments&post=101885"}],"version-history":[{"count":0,"href":"https:\/\/elinformante.mx\/index.php?rest_route=\/wp\/v2\/posts\/101885\/revisions"}],"wp:featuredmedia":[{"embeddable":true,"href":"https:\/\/elinformante.mx\/index.php?rest_route=\/wp\/v2\/media\/101886"}],"wp:attachment":[{"href":"https:\/\/elinformante.mx\/index.php?rest_route=%2Fwp%2Fv2%2Fmedia&parent=101885"}],"wp:term":[{"taxonomy":"category","embeddable":true,"href":"https:\/\/elinformante.mx\/index.php?rest_route=%2Fwp%2Fv2%2Fcategories&post=101885"},{"taxonomy":"post_tag","embeddable":true,"href":"https:\/\/elinformante.mx\/index.php?rest_route=%2Fwp%2Fv2%2Ftags&post=101885"}],"curies":[{"name":"wp","href":"https:\/\/api.w.org\/{rel}","templated":true}]}}