{"id":101889,"date":"2026-03-17T11:47:07","date_gmt":"2026-03-17T17:47:07","guid":{"rendered":"https:\/\/elinformante.mx\/?p=101889"},"modified":"2026-03-17T11:47:10","modified_gmt":"2026-03-17T17:47:10","slug":"sheinbaum-plantea-reducir-presupuesto-del-ine-y-recursos-a-partidos-politicos","status":"publish","type":"post","link":"https:\/\/elinformante.mx\/?p=101889","title":{"rendered":"Sheinbaum plantea reducir presupuesto del INE y recursos a partidos pol\u00edticos"},"content":{"rendered":"\n<p>La presidenta de M\u00e9xico, Claudia Sheinbaum, se\u00f1al\u00f3 que su gobierno continuar\u00e1 insistiendo en la necesidad de que el Instituto Nacional Electoral (INE) reduzca su presupuesto.<\/p>\n\n\n\n<p>Durante sus declaraciones, la mandataria tambi\u00e9n expres\u00f3 que considera que no se deben destinar tantos recursos a los partidos pol\u00edticos dentro del esquema actual.<\/p>\n\n\n\n<p>Sheinbaum indic\u00f3 que este planteamiento forma parte de las discusiones en torno a la reforma electoral y a la revisi\u00f3n del gasto p\u00fablico en materia electoral.<\/p>\n\n\n\n<p>Asimismo, destac\u00f3 que el objetivo es optimizar el uso de los recursos y garantizar que el presupuesto se utilice de manera m\u00e1s eficiente.<\/p>\n\n\n\n<p>La presidenta reiter\u00f3 que su administraci\u00f3n continuar\u00e1 impulsando propuestas que permitan ajustar el financiamiento en el sistema electoral.<\/p>\n","protected":false},"excerpt":{"rendered":"<p>La presidenta de M\u00e9xico, Claudia Sheinbaum, se\u00f1al\u00f3 que su gobierno continuar\u00e1 insistiendo en la necesidad de que el Instituto Nacional Electoral (INE) reduzca su presupuesto. Durante sus declaraciones, la mandataria tambi\u00e9n expres\u00f3 que considera que no se deben destinar tantos recursos a los partidos pol\u00edticos dentro del esquema actual. Sheinbaum indic\u00f3 que este planteamiento forma [&hellip;]<\/p>\n","protected":false},"author":2,"featured_media":101890,"comment_status":"closed","ping_status":"closed","sticky":false,"template":"","format":"standard","meta":{"footnotes":""},"categories":[34],"tags":[],"class_list":["post-101889","post","type-post","status-publish","format-standard","has-post-thumbnail","hentry","category-nacional"],"_links":{"self":[{"href":"https:\/\/elinformante.mx\/index.php?rest_route=\/wp\/v2\/posts\/101889","targetHints":{"allow":["GET"]}}],"collection":[{"href":"https:\/\/elinformante.mx\/index.php?rest_route=\/wp\/v2\/posts"}],"about":[{"href":"https:\/\/elinformante.mx\/index.php?rest_route=\/wp\/v2\/types\/post"}],"author":[{"embeddable":true,"href":"https:\/\/elinformante.mx\/index.php?rest_route=\/wp\/v2\/users\/2"}],"replies":[{"embeddable":true,"href":"https:\/\/elinformante.mx\/index.php?rest_route=%2Fwp%2Fv2%2Fcomments&post=101889"}],"version-history":[{"count":0,"href":"https:\/\/elinformante.mx\/index.php?rest_route=\/wp\/v2\/posts\/101889\/revisions"}],"wp:featuredmedia":[{"embeddable":true,"href":"https:\/\/elinformante.mx\/index.php?rest_route=\/wp\/v2\/media\/101890"}],"wp:attachment":[{"href":"https:\/\/elinformante.mx\/index.php?rest_route=%2Fwp%2Fv2%2Fmedia&parent=101889"}],"wp:term":[{"taxonomy":"category","embeddable":true,"href":"https:\/\/elinformante.mx\/index.php?rest_route=%2Fwp%2Fv2%2Fcategories&post=101889"},{"taxonomy":"post_tag","embeddable":true,"href":"https:\/\/elinformante.mx\/index.php?rest_route=%2Fwp%2Fv2%2Ftags&post=101889"}],"curies":[{"name":"wp","href":"https:\/\/api.w.org\/{rel}","templated":true}]}}