{"id":101891,"date":"2026-03-17T12:48:42","date_gmt":"2026-03-17T18:48:42","guid":{"rendered":"https:\/\/elinformante.mx\/?p=101891"},"modified":"2026-03-17T12:48:44","modified_gmt":"2026-03-17T18:48:44","slug":"jose-angel-bichir-reaparece-tras-caer-de-un-tercer-piso-y-confirma-que-se-encuentra-muy-mal","status":"publish","type":"post","link":"https:\/\/elinformante.mx\/?p=101891","title":{"rendered":"Jos\u00e9 \u00c1ngel Bichir reaparece tras caer de un tercer piso y confirma que se encuentra &#8220;muy mal&#8221;"},"content":{"rendered":"\n<p>El actor Jos\u00e9 \u00c1ngel Bichir reapareci\u00f3 ante medios de comunicaci\u00f3n luego de haber sido dado de alta tras sufrir una ca\u00edda desde un tercer piso en la colonia Narvarte, en la Ciudad de M\u00e9xico. El incidente, que lo mantuvo hospitalizado durante varios d\u00edas, fue atribuido por su familia a una crisis de salud.<\/p>\n\n\n\n<p>De acuerdo con informaci\u00f3n proporcionada por sus familiares, el actor de 38 a\u00f1os present\u00f3 diversas fracturas, entre ellas en el tal\u00f3n, la clav\u00edcula y la nariz. Tras su salida del hospital, Bichir se mostr\u00f3 visiblemente afectado y reconoci\u00f3 que a\u00fan no comprende completamente lo ocurrido.<\/p>\n\n\n\n<p>\u201cEstoy muy mal. No entiendo muy bien qu\u00e9 ha pasado\u201d, expres\u00f3 el actor, quien tambi\u00e9n se\u00f1al\u00f3 sentirse mareado, somnoliento y con dificultades para asimilar el momento que atraviesa. Asimismo, agradeci\u00f3 las muestras de apoyo recibidas por parte del p\u00fablico y los medios.<\/p>\n\n\n\n<p>En un comunicado previo, su familia explic\u00f3 que el incidente ocurri\u00f3 durante una \u201ccrisis profunda\u201d de salud mental, aclarando que no se trat\u00f3 de un acto voluntario, sino de un accidente derivado de un estado emocional delicado.<\/p>\n\n\n\n<p>Actualmente, Jos\u00e9 \u00c1ngel Bichir continuar\u00e1 con su proceso de recuperaci\u00f3n tanto f\u00edsica como emocional, incluyendo terapia especializada, mientras permanece acompa\u00f1ado por su familia, que ha solicitado respeto y privacidad durante este periodo.<\/p>\n","protected":false},"excerpt":{"rendered":"<p>El actor Jos\u00e9 \u00c1ngel Bichir reapareci\u00f3 ante medios de comunicaci\u00f3n luego de haber sido dado de alta tras sufrir una ca\u00edda desde un tercer piso en la colonia Narvarte, en la Ciudad de M\u00e9xico. El incidente, que lo mantuvo hospitalizado durante varios d\u00edas, fue atribuido por su familia a una crisis de salud. De acuerdo [&hellip;]<\/p>\n","protected":false},"author":2,"featured_media":101894,"comment_status":"closed","ping_status":"closed","sticky":false,"template":"","format":"standard","meta":{"footnotes":""},"categories":[39],"tags":[],"class_list":["post-101891","post","type-post","status-publish","format-standard","has-post-thumbnail","hentry","category-espectaculos"],"_links":{"self":[{"href":"https:\/\/elinformante.mx\/index.php?rest_route=\/wp\/v2\/posts\/101891","targetHints":{"allow":["GET"]}}],"collection":[{"href":"https:\/\/elinformante.mx\/index.php?rest_route=\/wp\/v2\/posts"}],"about":[{"href":"https:\/\/elinformante.mx\/index.php?rest_route=\/wp\/v2\/types\/post"}],"author":[{"embeddable":true,"href":"https:\/\/elinformante.mx\/index.php?rest_route=\/wp\/v2\/users\/2"}],"replies":[{"embeddable":true,"href":"https:\/\/elinformante.mx\/index.php?rest_route=%2Fwp%2Fv2%2Fcomments&post=101891"}],"version-history":[{"count":0,"href":"https:\/\/elinformante.mx\/index.php?rest_route=\/wp\/v2\/posts\/101891\/revisions"}],"wp:featuredmedia":[{"embeddable":true,"href":"https:\/\/elinformante.mx\/index.php?rest_route=\/wp\/v2\/media\/101894"}],"wp:attachment":[{"href":"https:\/\/elinformante.mx\/index.php?rest_route=%2Fwp%2Fv2%2Fmedia&parent=101891"}],"wp:term":[{"taxonomy":"category","embeddable":true,"href":"https:\/\/elinformante.mx\/index.php?rest_route=%2Fwp%2Fv2%2Fcategories&post=101891"},{"taxonomy":"post_tag","embeddable":true,"href":"https:\/\/elinformante.mx\/index.php?rest_route=%2Fwp%2Fv2%2Ftags&post=101891"}],"curies":[{"name":"wp","href":"https:\/\/api.w.org\/{rel}","templated":true}]}}