{"id":102721,"date":"2026-03-27T06:51:36","date_gmt":"2026-03-27T12:51:36","guid":{"rendered":"https:\/\/elinformante.mx\/?p=102721"},"modified":"2026-04-05T23:16:41","modified_gmt":"2026-04-06T05:16:41","slug":"coordinacion-institucional-clave-para-las-adopciones-internacionales","status":"publish","type":"post","link":"https:\/\/elinformante.mx\/?p=102721","title":{"rendered":"Coordinaci\u00f3n institucional clave para las adopciones internacionales"},"content":{"rendered":"\n<figure class=\"wp-block-pullquote\"><blockquote><p>-En Edom\u00e9x, el juzgado especializado en la materia ha realizado ocho adopciones de esta clase.<\/p><\/blockquote><\/figure>\n\n\n\n<p class=\"has-drop-cap\">La coordinaci\u00f3n entre autoridades mexicanas y autoridades internacionales, ha sido fundamental en los tr\u00e1mites de adopci\u00f3n internacional; a trav\u00e9s del Juzgado Especializado en Procedimientos de Adopci\u00f3n y Restituci\u00f3n Internacional de Menores del Poder Judicial del Estado de M\u00e9xico se han llevado a cabo ocho adopciones: tres de Estados Unidos, tres de Francia, una de Italia y una de Espa\u00f1a.<br><\/p>\n\n\n\n<p>En la Mesa de trabajo \u201cProcesos Familiares Internacionales\u201d, desarrollada durante el Congreso Internacional de Derechos Humanos de Ni\u00f1as, Ni\u00f1os y Adolescentes, la titular de ese \u00f3rgano especializado, Jueza Nohem\u00ed Garc\u00eda Rosales, destac\u00f3 el trabajo en equipo de las instituciones en estos procedimientos.<br><\/p>\n\n\n\n<p>\u201cContamos con la colaboraci\u00f3n de la Procuradur\u00eda de Protecci\u00f3n de Ni\u00f1as, Ni\u00f1os y Adolescentes del Estado de M\u00e9xico y un comit\u00e9 interinstitucional integrado por un representante del Poder Judicial, de la Secretar\u00eda de Salud, la Secretar\u00eda de Educaci\u00f3n, entre otros, para garantizar que la adopci\u00f3n beneficie a la ni\u00f1a, ni\u00f1o o adolescente que saldr\u00e1 de nuestro pa\u00eds\u201d expres\u00f3 la juzgadora.<br><\/p>\n\n\n\n<p>Al participar como panelista de esta mesa de trabajo, Garc\u00eda Rosales adelant\u00f3 que se encuentran en puerta cuatro adopciones m\u00e1s para este a\u00f1o: tres para Italia y una m\u00e1s para Estados Unidos. En la adopci\u00f3n internacional intervienen tambi\u00e9n, la Secretar\u00eda de Relaciones Exteriores y la Fiscal\u00eda General de Justicia.<br><\/p>\n\n\n\n<p>Como moderadora de esta din\u00e1mica, la magistrada en retiro, Patricia Mart\u00ednez Esparza, destac\u00f3 que \u201clo m\u00e1s importante para un juzgador familiar es la sensibilidad\u201d, ya que permite entender que una ni\u00f1a, ni\u00f1o o adolescente no deben ser vistos como objetos de conflicto, sino como personas con derechos, emociones y la esperanza de encontrar un hogar.<br><\/p>\n\n\n\n<p>La mesa de trabajo tambi\u00e9n cont\u00f3 con la participaci\u00f3n de la Jueza d\u00e9cima familiar, del primer Partido Judicial del Estado de Jalisco, Alma Alejandra Murillo Gallardo y el Director de la Escuela Judicial del Tribunal Superior de Justicia de Jalisco, Jes\u00fas Ignacio Escobar Correa.<br><\/p>\n\n\n\n<p>En el Aula Magna \u201cLic. Gustavo A. Barrera Graf\u201d de la Escuela Judicial del Estado de M\u00e9xico, durante dos d\u00edas se reunieron especialistas, quienes abordaron temas como la restituci\u00f3n internacional, la justicia penal para adolescentes, el maltrato infantil, la maternidad en prisi\u00f3n y el impacto de la violencia digital.<\/p>\n","protected":false},"excerpt":{"rendered":"<p>-En Edom\u00e9x, el juzgado especializado en la materia ha realizado ocho adopciones de esta clase. La coordinaci\u00f3n entre autoridades mexicanas y autoridades internacionales, ha sido fundamental en los tr\u00e1mites de adopci\u00f3n internacional; a trav\u00e9s del Juzgado Especializado en Procedimientos de Adopci\u00f3n y Restituci\u00f3n Internacional de Menores del Poder Judicial del Estado de M\u00e9xico se han [&hellip;]<\/p>\n","protected":false},"author":1,"featured_media":102724,"comment_status":"closed","ping_status":"closed","sticky":false,"template":"","format":"standard","meta":{"footnotes":""},"categories":[36],"tags":[],"class_list":["post-102721","post","type-post","status-publish","format-standard","has-post-thumbnail","hentry","category-edomex"],"_links":{"self":[{"href":"https:\/\/elinformante.mx\/index.php?rest_route=\/wp\/v2\/posts\/102721","targetHints":{"allow":["GET"]}}],"collection":[{"href":"https:\/\/elinformante.mx\/index.php?rest_route=\/wp\/v2\/posts"}],"about":[{"href":"https:\/\/elinformante.mx\/index.php?rest_route=\/wp\/v2\/types\/post"}],"author":[{"embeddable":true,"href":"https:\/\/elinformante.mx\/index.php?rest_route=\/wp\/v2\/users\/1"}],"replies":[{"embeddable":true,"href":"https:\/\/elinformante.mx\/index.php?rest_route=%2Fwp%2Fv2%2Fcomments&post=102721"}],"version-history":[{"count":0,"href":"https:\/\/elinformante.mx\/index.php?rest_route=\/wp\/v2\/posts\/102721\/revisions"}],"wp:featuredmedia":[{"embeddable":true,"href":"https:\/\/elinformante.mx\/index.php?rest_route=\/wp\/v2\/media\/102724"}],"wp:attachment":[{"href":"https:\/\/elinformante.mx\/index.php?rest_route=%2Fwp%2Fv2%2Fmedia&parent=102721"}],"wp:term":[{"taxonomy":"category","embeddable":true,"href":"https:\/\/elinformante.mx\/index.php?rest_route=%2Fwp%2Fv2%2Fcategories&post=102721"},{"taxonomy":"post_tag","embeddable":true,"href":"https:\/\/elinformante.mx\/index.php?rest_route=%2Fwp%2Fv2%2Ftags&post=102721"}],"curies":[{"name":"wp","href":"https:\/\/api.w.org\/{rel}","templated":true}]}}