{"id":103518,"date":"2026-04-20T06:13:39","date_gmt":"2026-04-20T12:13:39","guid":{"rendered":"https:\/\/elinformante.mx\/?p=103518"},"modified":"2026-04-20T06:13:41","modified_gmt":"2026-04-20T12:13:41","slug":"marina-del-pilar-reconoce-a-la-1a-generacion-de-jovenes-reconecta-con-la-paz","status":"publish","type":"post","link":"https:\/\/elinformante.mx\/?p=103518","title":{"rendered":"Marina del Pilar reconoce a la 1\u00aa generaci\u00f3n de j\u00f3venes \u201cReconecta con la Paz\u201d"},"content":{"rendered":"\n<figure class=\"wp-block-pullquote\"><blockquote><p>-Se\u00f1al\u00f3 que la coordinaci\u00f3n entre el Gobierno de M\u00e9xico y el Gobierno de Baja California ha permitido que la entidad sea el estado con mayor n\u00famero de j\u00f3venes participantes a nivel nacional.<\/p><\/blockquote><\/figure>\n\n\n\n<p class=\"has-drop-cap\">Para reconocer la conclusi\u00f3n de la etapa formativa de la primera generaci\u00f3n de la estrategia \u201cReconecta con la Paz\u201d, programa impulsado por la presidenta de M\u00e9xico, Claudia Sheinbaum Pardo, la gobernadora Marina del Pilar \u00c1vila Olmeda encabez\u00f3 la ceremonia de graduaci\u00f3n, en la que se destac\u00f3 el esfuerzo de j\u00f3venes participantes vinculados a este programa federal.<br><\/p>\n\n\n\n<p>La mandataria estatal subray\u00f3 que esta estrategia forma parte de una pol\u00edtica de justicia con enfoque humanista, construida desde el pueblo, y que representa una apuesta por la dignidad y por un futuro distinto para las y los j\u00f3venes de Baja California.<br><\/p>\n\n\n\n<p>\u201cHoy celebramos con mucho orgullo la primera graduaci\u00f3n del programa Reconecta con la Paz, la graduaci\u00f3n de j\u00f3venes que decidieron escribir una nueva historia para sus vidas; j\u00f3venes que eligieron reconectarse con sus sue\u00f1os, con su dignidad y con la paz\u201d, destac\u00f3 \u00c1vila Olmeda.<br><\/p>\n\n\n\n<p>Esthela Dami\u00e1n Peralta, consejera jur\u00eddica del Ejecutivo Federal, resalt\u00f3 que \u201cReconecta con la Paz\u201d tambi\u00e9n busca que las y los j\u00f3venes reconozcan al gobierno como un aliado en su proceso de transformaci\u00f3n.<br><\/p>\n\n\n\n<p>La estrategia \u201cReconecta con la Paz\u201d promueve segundas oportunidades para las juventudes, al brindar herramientas que contribuyen a su desarrollo personal y a su reintegraci\u00f3n social, enviando un mensaje de corresponsabilidad y transformaci\u00f3n.<br><\/p>\n\n\n\n<p>Avila Olmeda se\u00f1al\u00f3 que la coordinaci\u00f3n entre el Gobierno de M\u00e9xico y el Gobierno de Baja California para la implementaci\u00f3n de este programa ha permitido que la entidad sea el estado con mayor n\u00famero de j\u00f3venes participantes a nivel nacional.<\/p>\n","protected":false},"excerpt":{"rendered":"<p>-Se\u00f1al\u00f3 que la coordinaci\u00f3n entre el Gobierno de M\u00e9xico y el Gobierno de Baja California ha permitido que la entidad sea el estado con mayor n\u00famero de j\u00f3venes participantes a nivel nacional. Para reconocer la conclusi\u00f3n de la etapa formativa de la primera generaci\u00f3n de la estrategia \u201cReconecta con la Paz\u201d, programa impulsado por la [&hellip;]<\/p>\n","protected":false},"author":1,"featured_media":103521,"comment_status":"closed","ping_status":"closed","sticky":false,"template":"","format":"standard","meta":{"footnotes":""},"categories":[34],"tags":[],"class_list":["post-103518","post","type-post","status-publish","format-standard","has-post-thumbnail","hentry","category-nacional"],"_links":{"self":[{"href":"https:\/\/elinformante.mx\/index.php?rest_route=\/wp\/v2\/posts\/103518","targetHints":{"allow":["GET"]}}],"collection":[{"href":"https:\/\/elinformante.mx\/index.php?rest_route=\/wp\/v2\/posts"}],"about":[{"href":"https:\/\/elinformante.mx\/index.php?rest_route=\/wp\/v2\/types\/post"}],"author":[{"embeddable":true,"href":"https:\/\/elinformante.mx\/index.php?rest_route=\/wp\/v2\/users\/1"}],"replies":[{"embeddable":true,"href":"https:\/\/elinformante.mx\/index.php?rest_route=%2Fwp%2Fv2%2Fcomments&post=103518"}],"version-history":[{"count":0,"href":"https:\/\/elinformante.mx\/index.php?rest_route=\/wp\/v2\/posts\/103518\/revisions"}],"wp:featuredmedia":[{"embeddable":true,"href":"https:\/\/elinformante.mx\/index.php?rest_route=\/wp\/v2\/media\/103521"}],"wp:attachment":[{"href":"https:\/\/elinformante.mx\/index.php?rest_route=%2Fwp%2Fv2%2Fmedia&parent=103518"}],"wp:term":[{"taxonomy":"category","embeddable":true,"href":"https:\/\/elinformante.mx\/index.php?rest_route=%2Fwp%2Fv2%2Fcategories&post=103518"},{"taxonomy":"post_tag","embeddable":true,"href":"https:\/\/elinformante.mx\/index.php?rest_route=%2Fwp%2Fv2%2Ftags&post=103518"}],"curies":[{"name":"wp","href":"https:\/\/api.w.org\/{rel}","templated":true}]}}