{"id":103528,"date":"2026-04-20T06:23:37","date_gmt":"2026-04-20T12:23:37","guid":{"rendered":"https:\/\/elinformante.mx\/?p=103528"},"modified":"2026-04-20T06:23:49","modified_gmt":"2026-04-20T12:23:49","slug":"fortalecen-ebrard-y-cce-dialogo-estrategico-rumbo-a-revision-del-t-mec","status":"publish","type":"post","link":"https:\/\/elinformante.mx\/?p=103528","title":{"rendered":"Fortalecen Ebrard y CCE di\u00e1logo estrat\u00e9gico rumbo a revisi\u00f3n del T-MEC"},"content":{"rendered":"\n<figure class=\"wp-block-pullquote\"><blockquote><p>Buscan consolidar la competitividad de M\u00e9xico y atraer mayor inversi\u00f3n productiva<\/p><\/blockquote><\/figure>\n\n\n\n<p class=\"has-drop-cap\">La Secretar\u00eda de Econom\u00eda y el Consejo Coordinador Empresarial (CCE) fortalecieron el di\u00e1logo estrat\u00e9gico para impulsar la agenda econ\u00f3mica del pa\u00eds, en el marco de la pr\u00f3xima revisi\u00f3n del Tratado entre M\u00e9xico, Estados Unidos y Canad\u00e1 (T-MEC).<br><\/p>\n\n\n\n<p>Durante la Reuni\u00f3n de Consejo Nacional del CCE, encabezada por su presidente, Jos\u00e9 Medina Mora, y con la participaci\u00f3n del titular de Econom\u00eda, Marcelo Ebrard Casaubon, se abordaron los principales retos y oportunidades para consolidar a Am\u00e9rica del Norte como una de las regiones m\u00e1s competitivas a nivel global.<br><\/p>\n\n\n\n<p>El encuentro se realiz\u00f3 como parte de los preparativos para la segunda ronda de conversaciones entre los gobiernos de M\u00e9xico y Estados Unidos en torno a la revisi\u00f3n del T-MEC, prevista para los pr\u00f3ximos d\u00edas en la capital del pa\u00eds.<br><\/p>\n\n\n\n<p>Ambas partes coincidieron en la importancia de avanzar de manera coordinada para fortalecer la integraci\u00f3n productiva, reducir vulnerabilidades en las cadenas de suministro y aprovechar el fen\u00f3meno de relocalizaci\u00f3n de empresas hacia M\u00e9xico.<br><\/p>\n\n\n\n<p>Destacaron la necesidad de generar condiciones que impulsen la competitividad regional, mediante pol\u00edticas p\u00fablicas que brinden certeza jur\u00eddica, reglas claras y un entorno favorable para la inversi\u00f3n.<br><\/p>\n\n\n\n<p>El presidente del CCE y el secretario de Econom\u00eda subrayaron que el di\u00e1logo permanente entre el sector p\u00fablico y privado es fundamental para construir soluciones conjuntas, fortalecer la confianza en M\u00e9xico como socio estrat\u00e9gico y detonar la creaci\u00f3n de empleos de calidad.<br><\/p>\n\n\n\n<p>Finalmente, ambas instancias reiteraron su compromiso de continuar trabajando de manera coordinada, con una visi\u00f3n de largo plazo, para impulsar el crecimiento econ\u00f3mico, la competitividad y el desarrollo sostenible del pa\u00eds.<\/p>\n","protected":false},"excerpt":{"rendered":"<p>Buscan consolidar la competitividad de M\u00e9xico y atraer mayor inversi\u00f3n productiva La Secretar\u00eda de Econom\u00eda y el Consejo Coordinador Empresarial (CCE) fortalecieron el di\u00e1logo estrat\u00e9gico para impulsar la agenda econ\u00f3mica del pa\u00eds, en el marco de la pr\u00f3xima revisi\u00f3n del Tratado entre M\u00e9xico, Estados Unidos y Canad\u00e1 (T-MEC). Durante la Reuni\u00f3n de Consejo Nacional del [&hellip;]<\/p>\n","protected":false},"author":1,"featured_media":103531,"comment_status":"closed","ping_status":"closed","sticky":false,"template":"","format":"standard","meta":{"footnotes":""},"categories":[30,34,31],"tags":[],"class_list":["post-103528","post","type-post","status-publish","format-standard","has-post-thumbnail","hentry","category-destacado","category-nacional","category-portada"],"_links":{"self":[{"href":"https:\/\/elinformante.mx\/index.php?rest_route=\/wp\/v2\/posts\/103528","targetHints":{"allow":["GET"]}}],"collection":[{"href":"https:\/\/elinformante.mx\/index.php?rest_route=\/wp\/v2\/posts"}],"about":[{"href":"https:\/\/elinformante.mx\/index.php?rest_route=\/wp\/v2\/types\/post"}],"author":[{"embeddable":true,"href":"https:\/\/elinformante.mx\/index.php?rest_route=\/wp\/v2\/users\/1"}],"replies":[{"embeddable":true,"href":"https:\/\/elinformante.mx\/index.php?rest_route=%2Fwp%2Fv2%2Fcomments&post=103528"}],"version-history":[{"count":0,"href":"https:\/\/elinformante.mx\/index.php?rest_route=\/wp\/v2\/posts\/103528\/revisions"}],"wp:featuredmedia":[{"embeddable":true,"href":"https:\/\/elinformante.mx\/index.php?rest_route=\/wp\/v2\/media\/103531"}],"wp:attachment":[{"href":"https:\/\/elinformante.mx\/index.php?rest_route=%2Fwp%2Fv2%2Fmedia&parent=103528"}],"wp:term":[{"taxonomy":"category","embeddable":true,"href":"https:\/\/elinformante.mx\/index.php?rest_route=%2Fwp%2Fv2%2Fcategories&post=103528"},{"taxonomy":"post_tag","embeddable":true,"href":"https:\/\/elinformante.mx\/index.php?rest_route=%2Fwp%2Fv2%2Ftags&post=103528"}],"curies":[{"name":"wp","href":"https:\/\/api.w.org\/{rel}","templated":true}]}}