{"id":103593,"date":"2026-04-21T06:07:38","date_gmt":"2026-04-21T12:07:38","guid":{"rendered":"https:\/\/elinformante.mx\/?p=103593"},"modified":"2026-04-21T06:07:46","modified_gmt":"2026-04-21T12:07:46","slug":"teotihuacan-permanece-bajo-estricta-vigilancia-policial-cristobal-castaneda","status":"publish","type":"post","link":"https:\/\/elinformante.mx\/?p=103593","title":{"rendered":"TEOTIHUAC\u00c1N PERMANECE BAJO ESTRICTA VIGILANCIA POLICIAL: CRIST\u00d3BAL CASTA\u00d1EDA"},"content":{"rendered":"\n<figure class=\"wp-block-pullquote\"><blockquote><p>El secretario detall\u00f3 que el agresor asesin\u00f3 a una mujer y se quit\u00f3 la vida, dejando 13 lesionados; el sitio permanece bajo resguardo.<\/p><\/blockquote><\/figure>\n\n\n\n<p class=\"has-drop-cap\">El secretario de seguridad del Estado de M\u00e9xico, Crist\u00f3bal Casta\u00f1eda Camarillo, confirm\u00f3 que el tiroteo registrado la tarde de este lunes en la Zona Arqueol\u00f3gica de Teotihuac\u00e1n dej\u00f3 un saldo de dos personas muertas; entre ellas el agresor y 13 lesionadas, adem\u00e1s de activar una investigaci\u00f3n para esclarecer el m\u00f3vil del ataque.<br><\/p>\n\n\n\n<p>Tras acudir al lugar de los hechos, el funcionario estatal detall\u00f3 que el presunto responsable dispar\u00f3 contra una mujer, quien perdi\u00f3 la vida en el sitio, y posteriormente se quit\u00f3 la vida.<br><\/p>\n\n\n\n<figure class=\"wp-block-image size-large\"><img fetchpriority=\"high\" decoding=\"async\" width=\"1024\" height=\"506\" src=\"https:\/\/elinformante.mx\/wp-content\/uploads\/2026\/04\/8cris-3-1024x506.jpg\" alt=\"\" class=\"wp-image-103597\" srcset=\"https:\/\/elinformante.mx\/wp-content\/uploads\/2026\/04\/8cris-3-1024x506.jpg 1024w, https:\/\/elinformante.mx\/wp-content\/uploads\/2026\/04\/8cris-3-300x148.jpg 300w, https:\/\/elinformante.mx\/wp-content\/uploads\/2026\/04\/8cris-3-768x379.jpg 768w, https:\/\/elinformante.mx\/wp-content\/uploads\/2026\/04\/8cris-3.jpg 1140w\" sizes=\"(max-width: 1024px) 100vw, 1024px\" \/><\/figure>\n\n\n\n<p>\u201cTenemos una persona que le quit\u00f3 la vida a una mujer; hay cuatro lesionados y el agresor tambi\u00e9n se quit\u00f3 la vida\u201d, declar\u00f3.<br><\/p>\n\n\n\n<p>Casta\u00f1eda Camarillo precis\u00f3 que, del total de lesionados, cuatro presentan heridas por impacto de bala y dos m\u00e1s resultaron afectados por ca\u00eddas durante el intento de huida. Entre las personas heridas se encuentran dos ciudadanos colombianos, un canadiense y una persona m\u00e1s cuya identidad no ha sido confirmada.<br><\/p>\n\n\n\n<p>Indic\u00f3 que todos los lesionados fueron trasladados a hospitales cercanos para recibir atenci\u00f3n m\u00e9dica, mientras que en la zona se despleg\u00f3 un operativo conjunto con fuerzas estatales y federales para garantizar la seguridad y resguardar el \u00e1rea.<br><\/p>\n\n\n\n<figure class=\"wp-block-image size-large\"><img decoding=\"async\" width=\"1024\" height=\"506\" src=\"https:\/\/elinformante.mx\/wp-content\/uploads\/2026\/04\/8cris-1024x506.png\" alt=\"\" class=\"wp-image-103598\" srcset=\"https:\/\/elinformante.mx\/wp-content\/uploads\/2026\/04\/8cris-1024x506.png 1024w, https:\/\/elinformante.mx\/wp-content\/uploads\/2026\/04\/8cris-300x148.png 300w, https:\/\/elinformante.mx\/wp-content\/uploads\/2026\/04\/8cris-768x379.png 768w, https:\/\/elinformante.mx\/wp-content\/uploads\/2026\/04\/8cris.png 1140w\" sizes=\"(max-width: 1024px) 100vw, 1024px\" \/><\/figure>\n\n\n\n<p>Subray\u00f3 que, hasta el momento, no se ha determinado el m\u00f3vil del ataque, por lo que ser\u00e1 la Fiscal\u00eda General de Justicia del Estado de M\u00e9xico la instancia encargada de continuar con las investigaciones correspondientes.<br><\/p>\n\n\n\n<p>De acuerdo con informaci\u00f3n preliminar, el agresor podr\u00eda ser un ciudadano mexicano con domicilio en la Ciudad de M\u00e9xico, cuya identidad fue establecida a partir de una credencial oficial encontrada entre sus pertenencias.<br><\/p>\n\n\n\n<p>Asimismo, las autoridades aseguraron un arma de cacer\u00eda, un cuchillo, cartuchos \u00fatiles y diversos objetos que forman parte de las indagatorias.<br><\/p>\n\n\n\n<figure class=\"wp-block-image size-large\"><img decoding=\"async\" width=\"1024\" height=\"506\" src=\"https:\/\/elinformante.mx\/wp-content\/uploads\/2026\/04\/8cristobaln-1024x506.jpg\" alt=\"\" class=\"wp-image-103599\" srcset=\"https:\/\/elinformante.mx\/wp-content\/uploads\/2026\/04\/8cristobaln-1024x506.jpg 1024w, https:\/\/elinformante.mx\/wp-content\/uploads\/2026\/04\/8cristobaln-300x148.jpg 300w, https:\/\/elinformante.mx\/wp-content\/uploads\/2026\/04\/8cristobaln-768x379.jpg 768w, https:\/\/elinformante.mx\/wp-content\/uploads\/2026\/04\/8cristobaln.jpg 1140w\" sizes=\"(max-width: 1024px) 100vw, 1024px\" \/><\/figure>\n\n\n\n<p>Casta\u00f1eda Camarillo inform\u00f3 que la zona arqueol\u00f3gica permanece cerrada al p\u00fablico, mientras contin\u00faan las diligencias periciales y la recopilaci\u00f3n de evidencias.<br><\/p>\n\n\n\n<p>Por su parte, la gobernadora Delfina G\u00f3mez \u00c1lvarez expres\u00f3 su solidaridad con las v\u00edctimas y asegur\u00f3 que se mantiene la atenci\u00f3n institucional, as\u00ed como la presencia de elementos de seguridad en el sitio.<br><\/p>\n\n\n\n<p>El hecho ocurre en uno de los puntos tur\u00edsticos m\u00e1s importantes del pa\u00eds, lo que ha generado un reforzamiento de las medidas de seguridad en la zona ante la alta afluencia de visitantes.<\/p>\n\n\n\n<figure class=\"wp-block-image size-large\"><img loading=\"lazy\" decoding=\"async\" width=\"1024\" height=\"506\" src=\"https:\/\/elinformante.mx\/wp-content\/uploads\/2026\/04\/8cristobaln-3-1024x506.png\" alt=\"\" class=\"wp-image-103600\" srcset=\"https:\/\/elinformante.mx\/wp-content\/uploads\/2026\/04\/8cristobaln-3-1024x506.png 1024w, https:\/\/elinformante.mx\/wp-content\/uploads\/2026\/04\/8cristobaln-3-300x148.png 300w, https:\/\/elinformante.mx\/wp-content\/uploads\/2026\/04\/8cristobaln-3-768x379.png 768w, https:\/\/elinformante.mx\/wp-content\/uploads\/2026\/04\/8cristobaln-3.png 1140w\" sizes=\"(max-width: 1024px) 100vw, 1024px\" \/><\/figure>\n","protected":false},"excerpt":{"rendered":"<p>El secretario detall\u00f3 que el agresor asesin\u00f3 a una mujer y se quit\u00f3 la vida, dejando 13 lesionados; el sitio permanece bajo resguardo. El secretario de seguridad del Estado de M\u00e9xico, Crist\u00f3bal Casta\u00f1eda Camarillo, confirm\u00f3 que el tiroteo registrado la tarde de este lunes en la Zona Arqueol\u00f3gica de Teotihuac\u00e1n dej\u00f3 un saldo de dos [&hellip;]<\/p>\n","protected":false},"author":1,"featured_media":103596,"comment_status":"closed","ping_status":"closed","sticky":false,"template":"","format":"standard","meta":{"footnotes":""},"categories":[30,36,31],"tags":[46],"class_list":["post-103593","post","type-post","status-publish","format-standard","has-post-thumbnail","hentry","category-destacado","category-edomex","category-portada","tag-portadaedomex"],"_links":{"self":[{"href":"https:\/\/elinformante.mx\/index.php?rest_route=\/wp\/v2\/posts\/103593","targetHints":{"allow":["GET"]}}],"collection":[{"href":"https:\/\/elinformante.mx\/index.php?rest_route=\/wp\/v2\/posts"}],"about":[{"href":"https:\/\/elinformante.mx\/index.php?rest_route=\/wp\/v2\/types\/post"}],"author":[{"embeddable":true,"href":"https:\/\/elinformante.mx\/index.php?rest_route=\/wp\/v2\/users\/1"}],"replies":[{"embeddable":true,"href":"https:\/\/elinformante.mx\/index.php?rest_route=%2Fwp%2Fv2%2Fcomments&post=103593"}],"version-history":[{"count":0,"href":"https:\/\/elinformante.mx\/index.php?rest_route=\/wp\/v2\/posts\/103593\/revisions"}],"wp:featuredmedia":[{"embeddable":true,"href":"https:\/\/elinformante.mx\/index.php?rest_route=\/wp\/v2\/media\/103596"}],"wp:attachment":[{"href":"https:\/\/elinformante.mx\/index.php?rest_route=%2Fwp%2Fv2%2Fmedia&parent=103593"}],"wp:term":[{"taxonomy":"category","embeddable":true,"href":"https:\/\/elinformante.mx\/index.php?rest_route=%2Fwp%2Fv2%2Fcategories&post=103593"},{"taxonomy":"post_tag","embeddable":true,"href":"https:\/\/elinformante.mx\/index.php?rest_route=%2Fwp%2Fv2%2Ftags&post=103593"}],"curies":[{"name":"wp","href":"https:\/\/api.w.org\/{rel}","templated":true}]}}