{"id":103603,"date":"2026-04-21T06:15:43","date_gmt":"2026-04-21T12:15:43","guid":{"rendered":"https:\/\/elinformante.mx\/?p=103603"},"modified":"2026-04-21T06:15:53","modified_gmt":"2026-04-21T12:15:53","slug":"sedema-lanza-convocatoria-guardianes-ambientales-2026-para-ninas-y-ninos","status":"publish","type":"post","link":"https:\/\/elinformante.mx\/?p=103603","title":{"rendered":"SEDEMA lanza convocatoria \u201cGuardianes Ambientales 2026\u201d para ni\u00f1as y ni\u00f1os"},"content":{"rendered":"\n<figure class=\"wp-block-pullquote\"><blockquote><p>Las y los participantes podr\u00e1n vivir una experiencia pr\u00e1ctica con especialistas ambientales como reconocimiento a sus propuestas.<\/p><\/blockquote><\/figure>\n\n\n\n<p class=\"has-drop-cap\">La Secretar\u00eda del Medio Ambiente (SEDEMA) de la Ciudad de M\u00e9xico lanz\u00f3 la convocatoria \u201cGuardianes Ambientales 2026\u201d, dirigida a ni\u00f1as y ni\u00f1os de 6 a 11 a\u00f1os, con el objetivo de fomentar su inter\u00e9s y participaci\u00f3n en el cuidado del medio ambiente.<br><\/p>\n\n\n\n<p>Para participar, deber\u00e1n enviar un video creativo en el que respondan: \u00bfQu\u00e9 har\u00edan si ejercieran una profesi\u00f3n ambiental por un d\u00eda y c\u00f3mo ayudar\u00edan al planeta?<br><\/p>\n\n\n\n<p>Podr\u00e1n elegir entre distintas profesiones como combatiente forestal, veterinaria o veterinario, educador ambiental, polic\u00eda ambiental, entre otras; adem\u00e1s, podr\u00e1n nombrarlas de forma creativa.<br><\/p>\n\n\n\n<p>La convocatoria est\u00e1 dirigida a infancias que viven en la Ciudad de M\u00e9xico y se divide en dos categor\u00edas: 6 a 8 a\u00f1os y 9 a 11 a\u00f1os<br><\/p>\n\n\n\n<h2 class=\"wp-block-heading\">Fechas clave:<br><\/h2>\n\n\n\n<ul class=\"wp-block-list\">\n<li>-Cierre de registro: Domingo 26 de abril<br><\/li>\n\n\n\n<li>-Publicaci\u00f3n de resultados: Jueves 30 de abril<br><\/li>\n\n\n\n<li>-Premiaci\u00f3n: S\u00e1bado 2 de mayo<br><\/li>\n<\/ul>\n\n\n\n<p>Se seleccionar\u00e1n 10 ganadoras y ganadores, quienes vivir\u00e1n una experiencia en SEDEMA con actividades pr\u00e1cticas y convivencia con especialistas ambientales.<\/p>\n","protected":false},"excerpt":{"rendered":"<p>Las y los participantes podr\u00e1n vivir una experiencia pr\u00e1ctica con especialistas ambientales como reconocimiento a sus propuestas. La Secretar\u00eda del Medio Ambiente (SEDEMA) de la Ciudad de M\u00e9xico lanz\u00f3 la convocatoria \u201cGuardianes Ambientales 2026\u201d, dirigida a ni\u00f1as y ni\u00f1os de 6 a 11 a\u00f1os, con el objetivo de fomentar su inter\u00e9s y participaci\u00f3n en el [&hellip;]<\/p>\n","protected":false},"author":1,"featured_media":103606,"comment_status":"closed","ping_status":"closed","sticky":false,"template":"","format":"standard","meta":{"footnotes":""},"categories":[35],"tags":[],"class_list":["post-103603","post","type-post","status-publish","format-standard","has-post-thumbnail","hentry","category-cdmx"],"_links":{"self":[{"href":"https:\/\/elinformante.mx\/index.php?rest_route=\/wp\/v2\/posts\/103603","targetHints":{"allow":["GET"]}}],"collection":[{"href":"https:\/\/elinformante.mx\/index.php?rest_route=\/wp\/v2\/posts"}],"about":[{"href":"https:\/\/elinformante.mx\/index.php?rest_route=\/wp\/v2\/types\/post"}],"author":[{"embeddable":true,"href":"https:\/\/elinformante.mx\/index.php?rest_route=\/wp\/v2\/users\/1"}],"replies":[{"embeddable":true,"href":"https:\/\/elinformante.mx\/index.php?rest_route=%2Fwp%2Fv2%2Fcomments&post=103603"}],"version-history":[{"count":0,"href":"https:\/\/elinformante.mx\/index.php?rest_route=\/wp\/v2\/posts\/103603\/revisions"}],"wp:featuredmedia":[{"embeddable":true,"href":"https:\/\/elinformante.mx\/index.php?rest_route=\/wp\/v2\/media\/103606"}],"wp:attachment":[{"href":"https:\/\/elinformante.mx\/index.php?rest_route=%2Fwp%2Fv2%2Fmedia&parent=103603"}],"wp:term":[{"taxonomy":"category","embeddable":true,"href":"https:\/\/elinformante.mx\/index.php?rest_route=%2Fwp%2Fv2%2Fcategories&post=103603"},{"taxonomy":"post_tag","embeddable":true,"href":"https:\/\/elinformante.mx\/index.php?rest_route=%2Fwp%2Fv2%2Ftags&post=103603"}],"curies":[{"name":"wp","href":"https:\/\/api.w.org\/{rel}","templated":true}]}}