{"id":103662,"date":"2026-04-22T05:22:44","date_gmt":"2026-04-22T11:22:44","guid":{"rendered":"https:\/\/elinformante.mx\/?p=103662"},"modified":"2026-04-22T05:22:50","modified_gmt":"2026-04-22T11:22:50","slug":"cae-dupla-por-secuestro-expres-de-chofer-en-la-mexico-queretaro","status":"publish","type":"post","link":"https:\/\/elinformante.mx\/?p=103662","title":{"rendered":"Cae dupla por secuestro expr\u00e9s de chofer en la M\u00e9xico-Quer\u00e9taro"},"content":{"rendered":"\n<figure class=\"wp-block-pullquote\"><blockquote><p>La v\u00edctima fue privada de la libertad en Hidalgo y rescatada en Huehuetoca tras operativo de la Guardia Nacional<\/p><\/blockquote><\/figure>\n\n\n\n<p class=\"has-drop-cap\">Dos sujetos se\u00f1alados por su probable participaci\u00f3n en un secuestro expr\u00e9s con fines de robo fueron vinculados a proceso, luego de que habr\u00edan interceptado y privado de la libertad al conductor de un tractocami\u00f3n en el estado de Hidalgo.<br><\/p>\n\n\n\n<p>La FGJEM inform\u00f3 que los detenidos, identificados como Juan Daniel \u201cN\u201d y Cristhian \u201cN\u201d, son investigados por hechos ocurridos sobre la autopista M\u00e9xico-Quer\u00e9taro, a la altura de la colonia industrial de Tepeji del R\u00edo.<br><\/p>\n\n\n\n<p>De acuerdo con las indagatorias, la v\u00edctima se encontraba a bordo de un tractocami\u00f3n con caja seca estacionado en el carril lateral, cuando fue sorprendida por los ahora imputados y un tercer sujeto, quienes abordaron la unidad y la amagaron con un arma de fuego.<br><\/p>\n\n\n\n<p>Uno de los implicados tom\u00f3 el control del veh\u00edculo, mientras que los otros sometieron al operador, priv\u00e1ndolo de la libertad a bordo de la misma unidad, con el objetivo de apoderarse de la carga.<br><\/p>\n\n\n\n<p>Tras recibir la alerta, elementos de la Guardia Nacional desplegaron un operativo que permiti\u00f3 ubicar el tractocami\u00f3n en el municipio mexiquense de Huehuetoca, donde lograron la liberaci\u00f3n de la v\u00edctima y la detenci\u00f3n de los probables responsables en la colonia San Miguel de los Jagueyes.<br><\/p>\n\n\n\n<p>Durante la acci\u00f3n tambi\u00e9n fueron asegurados el tractocami\u00f3n, un veh\u00edculo tipo sed\u00e1n color negro y una mochila que conten\u00eda un inhibidor de se\u00f1al con 10 antenas, equipo com\u00fanmente utilizado para evitar la geolocalizaci\u00f3n de unidades robadas.<br><\/p>\n\n\n\n<p>Los detenidos fueron puestos a disposici\u00f3n del Ministerio P\u00fablico, quien integr\u00f3 la carpeta de investigaci\u00f3n por el delito de secuestro expr\u00e9s con fines de robo. Posteriormente, un juez determin\u00f3 vincularlos a proceso y orden\u00f3 su ingreso a un penal de la regi\u00f3n.<\/p>\n","protected":false},"excerpt":{"rendered":"<p>La v\u00edctima fue privada de la libertad en Hidalgo y rescatada en Huehuetoca tras operativo de la Guardia Nacional Dos sujetos se\u00f1alados por su probable participaci\u00f3n en un secuestro expr\u00e9s con fines de robo fueron vinculados a proceso, luego de que habr\u00edan interceptado y privado de la libertad al conductor de un tractocami\u00f3n en el [&hellip;]<\/p>\n","protected":false},"author":1,"featured_media":103665,"comment_status":"closed","ping_status":"closed","sticky":false,"template":"","format":"standard","meta":{"footnotes":""},"categories":[36,37,34],"tags":[],"class_list":["post-103662","post","type-post","status-publish","format-standard","has-post-thumbnail","hentry","category-edomex","category-justicia","category-nacional"],"_links":{"self":[{"href":"https:\/\/elinformante.mx\/index.php?rest_route=\/wp\/v2\/posts\/103662","targetHints":{"allow":["GET"]}}],"collection":[{"href":"https:\/\/elinformante.mx\/index.php?rest_route=\/wp\/v2\/posts"}],"about":[{"href":"https:\/\/elinformante.mx\/index.php?rest_route=\/wp\/v2\/types\/post"}],"author":[{"embeddable":true,"href":"https:\/\/elinformante.mx\/index.php?rest_route=\/wp\/v2\/users\/1"}],"replies":[{"embeddable":true,"href":"https:\/\/elinformante.mx\/index.php?rest_route=%2Fwp%2Fv2%2Fcomments&post=103662"}],"version-history":[{"count":0,"href":"https:\/\/elinformante.mx\/index.php?rest_route=\/wp\/v2\/posts\/103662\/revisions"}],"wp:featuredmedia":[{"embeddable":true,"href":"https:\/\/elinformante.mx\/index.php?rest_route=\/wp\/v2\/media\/103665"}],"wp:attachment":[{"href":"https:\/\/elinformante.mx\/index.php?rest_route=%2Fwp%2Fv2%2Fmedia&parent=103662"}],"wp:term":[{"taxonomy":"category","embeddable":true,"href":"https:\/\/elinformante.mx\/index.php?rest_route=%2Fwp%2Fv2%2Fcategories&post=103662"},{"taxonomy":"post_tag","embeddable":true,"href":"https:\/\/elinformante.mx\/index.php?rest_route=%2Fwp%2Fv2%2Ftags&post=103662"}],"curies":[{"name":"wp","href":"https:\/\/api.w.org\/{rel}","templated":true}]}}