{"id":103666,"date":"2026-04-22T05:26:54","date_gmt":"2026-04-22T11:26:54","guid":{"rendered":"https:\/\/elinformante.mx\/?p=103666"},"modified":"2026-04-22T05:26:58","modified_gmt":"2026-04-22T11:26:58","slug":"fuego-arrasa-locales-del-mercado-de-sonora-desatando-el-panico-en-cdmx","status":"publish","type":"post","link":"https:\/\/elinformante.mx\/?p=103666","title":{"rendered":"Fuego arrasa locales del mercado de Sonora, desatando el p\u00e1nico en CDMX"},"content":{"rendered":"\n<figure class=\"wp-block-pullquote\"><blockquote><p>-De manera preliminar, se presume que el incendio pudo originarse por un corto circuito.<\/p><\/blockquote><\/figure>\n\n\n\n<p class=\"has-drop-cap\">Una noche de caos y terror se vivi\u00f3 en las inmediaciones del emblem\u00e1tico Mercado de Sonora, donde un voraz incendio consumi\u00f3 puestos y locales, obligando a evacuar a decenas de personas en la alcald\u00eda Venustiano Carranza.<br><\/p>\n\n\n\n<p>El fuego, que comenz\u00f3 en calles como Caba\u00f1a y Adolfo Gurri\u00f3n, se propag\u00f3 con rapidez entre estructuras semifijas, generando una enorme columna de humo y obligando a vecinos y comerciantes a salir corriendo para salvar la vida.<br><\/p>\n\n\n\n<p>Las llamas no solo devoraron puestos, sino que tambi\u00e9n alcanzaron inmuebles cercanos, lo que llev\u00f3 a las autoridades a evacuar a aproximadamente 200 personas de viviendas y negocios aleda\u00f1os, en medio de escenas de p\u00e1nico, gritos y confusi\u00f3n.<br><\/p>\n\n\n\n<figure class=\"wp-block-image size-large\"><img fetchpriority=\"high\" decoding=\"async\" width=\"1024\" height=\"506\" src=\"https:\/\/elinformante.mx\/wp-content\/uploads\/2026\/04\/13FUEGO-2-1-1024x506.jpg\" alt=\"\" class=\"wp-image-103672\" srcset=\"https:\/\/elinformante.mx\/wp-content\/uploads\/2026\/04\/13FUEGO-2-1-1024x506.jpg 1024w, https:\/\/elinformante.mx\/wp-content\/uploads\/2026\/04\/13FUEGO-2-1-300x148.jpg 300w, https:\/\/elinformante.mx\/wp-content\/uploads\/2026\/04\/13FUEGO-2-1-768x379.jpg 768w, https:\/\/elinformante.mx\/wp-content\/uploads\/2026\/04\/13FUEGO-2-1.jpg 1140w\" sizes=\"(max-width: 1024px) 100vw, 1024px\" \/><\/figure>\n\n\n\n<p>Elementos del Heroico Cuerpo de Bomberos de la Ciudad de M\u00e9xico combatieron el siniestro durante varias horas, mientras polic\u00edas acordonaron la zona para evitar que m\u00e1s personas resultaran afectadas.<br><\/p>\n\n\n\n<p>De manera preliminar, se presume que el incendio pudo originarse por un corto circuito, aunque ser\u00e1n las investigaciones las que determinen la causa exacta.<br><\/p>\n\n\n\n<p>A pesar de la magnitud del incendio, no se reportan v\u00edctimas mortales; sin embargo, varias personas fueron atendidas por inhalaci\u00f3n de humo y crisis nerviosas.<br><\/p>\n\n\n\n<p>La zona permanece bajo resguardo mientras autoridades eval\u00faan los da\u00f1os materiales, que ya se perfilan como considerables. El susto pas\u00f3\u2026 pero las p\u00e9rdidas apenas comienzan a contarse.<\/p>\n","protected":false},"excerpt":{"rendered":"<p>-De manera preliminar, se presume que el incendio pudo originarse por un corto circuito. Una noche de caos y terror se vivi\u00f3 en las inmediaciones del emblem\u00e1tico Mercado de Sonora, donde un voraz incendio consumi\u00f3 puestos y locales, obligando a evacuar a decenas de personas en la alcald\u00eda Venustiano Carranza. El fuego, que comenz\u00f3 en [&hellip;]<\/p>\n","protected":false},"author":1,"featured_media":103671,"comment_status":"closed","ping_status":"closed","sticky":false,"template":"","format":"standard","meta":{"footnotes":""},"categories":[35,30,37],"tags":[],"class_list":["post-103666","post","type-post","status-publish","format-standard","has-post-thumbnail","hentry","category-cdmx","category-destacado","category-justicia"],"_links":{"self":[{"href":"https:\/\/elinformante.mx\/index.php?rest_route=\/wp\/v2\/posts\/103666","targetHints":{"allow":["GET"]}}],"collection":[{"href":"https:\/\/elinformante.mx\/index.php?rest_route=\/wp\/v2\/posts"}],"about":[{"href":"https:\/\/elinformante.mx\/index.php?rest_route=\/wp\/v2\/types\/post"}],"author":[{"embeddable":true,"href":"https:\/\/elinformante.mx\/index.php?rest_route=\/wp\/v2\/users\/1"}],"replies":[{"embeddable":true,"href":"https:\/\/elinformante.mx\/index.php?rest_route=%2Fwp%2Fv2%2Fcomments&post=103666"}],"version-history":[{"count":0,"href":"https:\/\/elinformante.mx\/index.php?rest_route=\/wp\/v2\/posts\/103666\/revisions"}],"wp:featuredmedia":[{"embeddable":true,"href":"https:\/\/elinformante.mx\/index.php?rest_route=\/wp\/v2\/media\/103671"}],"wp:attachment":[{"href":"https:\/\/elinformante.mx\/index.php?rest_route=%2Fwp%2Fv2%2Fmedia&parent=103666"}],"wp:term":[{"taxonomy":"category","embeddable":true,"href":"https:\/\/elinformante.mx\/index.php?rest_route=%2Fwp%2Fv2%2Fcategories&post=103666"},{"taxonomy":"post_tag","embeddable":true,"href":"https:\/\/elinformante.mx\/index.php?rest_route=%2Fwp%2Fv2%2Ftags&post=103666"}],"curies":[{"name":"wp","href":"https:\/\/api.w.org\/{rel}","templated":true}]}}