{"id":103673,"date":"2026-04-22T05:30:44","date_gmt":"2026-04-22T11:30:44","guid":{"rendered":"https:\/\/elinformante.mx\/?p=103673"},"modified":"2026-04-22T05:30:48","modified_gmt":"2026-04-22T11:30:48","slug":"lerma-refuerza-acciones-preventivas-ante-lluvias-ramirez-ponce","status":"publish","type":"post","link":"https:\/\/elinformante.mx\/?p=103673","title":{"rendered":"Lerma refuerza acciones preventivas ante lluvias: Ram\u00edrez Ponce"},"content":{"rendered":"\n<figure class=\"wp-block-pullquote\"><blockquote><p>Impulsan proyectos hidr\u00e1ulicos y de obra p\u00fablica en comunidades<\/p><\/blockquote><\/figure>\n\n\n\n<p class=\"has-drop-cap\">El gobierno municipal de Lerma, encabezado por el alcalde Miguel \u00c1ngel Ram\u00edrez Ponce, fortalece la coordinaci\u00f3n con autoridades auxiliares y comisariados ejidales para impulsar proyectos comunitarios y acciones preventivas ante la temporada de lluvias.<br><\/p>\n\n\n\n<p>En San Mateo Atarasquillo, el edil reconoci\u00f3 el trabajo conjunto con el comisariado ejidal, destacando la importancia de la organizaci\u00f3n comunitaria para el desarrollo de obras y mejoras en infraestructura.<br><\/p>\n\n\n\n<p>De manera paralela, el OPDAPAS Lerma llev\u00f3 a cabo una reuni\u00f3n estrat\u00e9gica para establecer l\u00edneas de acci\u00f3n enfocadas en la prevenci\u00f3n de inundaciones, priorizando el mantenimiento de infraestructura pluvial y la atenci\u00f3n de puntos cr\u00edticos.<br><\/p>\n\n\n\n<p>El organismo reiter\u00f3 su compromiso de operar de manera permanente, con atenci\u00f3n 24\/7, para responder oportunamente a cualquier contingencia.<br><\/p>\n\n\n\n<p>Ram\u00edrezPonce sostuvo reuniones de trabajo con autoridades auxiliares de San Miguel Ameyalco y Zacamulpa Tlalmimilolpan, donde se dio seguimiento a proyectos de obra p\u00fablica, agua potable, alumbrado y embellecimiento de espacios p\u00fablicos.<br><\/p>\n\n\n\n<p>Estas acciones reflejan el compromiso del gobierno municipal por mantener cercan\u00eda con la poblaci\u00f3n y avanzar en soluciones concretas que mejoren la calidad de vida de las y los lermenses.<\/p>\n","protected":false},"excerpt":{"rendered":"<p>Impulsan proyectos hidr\u00e1ulicos y de obra p\u00fablica en comunidades El gobierno municipal de Lerma, encabezado por el alcalde Miguel \u00c1ngel Ram\u00edrez Ponce, fortalece la coordinaci\u00f3n con autoridades auxiliares y comisariados ejidales para impulsar proyectos comunitarios y acciones preventivas ante la temporada de lluvias. En San Mateo Atarasquillo, el edil reconoci\u00f3 el trabajo conjunto con el [&hellip;]<\/p>\n","protected":false},"author":1,"featured_media":103676,"comment_status":"closed","ping_status":"closed","sticky":false,"template":"","format":"standard","meta":{"footnotes":""},"categories":[30,36],"tags":[],"class_list":["post-103673","post","type-post","status-publish","format-standard","has-post-thumbnail","hentry","category-destacado","category-edomex"],"_links":{"self":[{"href":"https:\/\/elinformante.mx\/index.php?rest_route=\/wp\/v2\/posts\/103673","targetHints":{"allow":["GET"]}}],"collection":[{"href":"https:\/\/elinformante.mx\/index.php?rest_route=\/wp\/v2\/posts"}],"about":[{"href":"https:\/\/elinformante.mx\/index.php?rest_route=\/wp\/v2\/types\/post"}],"author":[{"embeddable":true,"href":"https:\/\/elinformante.mx\/index.php?rest_route=\/wp\/v2\/users\/1"}],"replies":[{"embeddable":true,"href":"https:\/\/elinformante.mx\/index.php?rest_route=%2Fwp%2Fv2%2Fcomments&post=103673"}],"version-history":[{"count":0,"href":"https:\/\/elinformante.mx\/index.php?rest_route=\/wp\/v2\/posts\/103673\/revisions"}],"wp:featuredmedia":[{"embeddable":true,"href":"https:\/\/elinformante.mx\/index.php?rest_route=\/wp\/v2\/media\/103676"}],"wp:attachment":[{"href":"https:\/\/elinformante.mx\/index.php?rest_route=%2Fwp%2Fv2%2Fmedia&parent=103673"}],"wp:term":[{"taxonomy":"category","embeddable":true,"href":"https:\/\/elinformante.mx\/index.php?rest_route=%2Fwp%2Fv2%2Fcategories&post=103673"},{"taxonomy":"post_tag","embeddable":true,"href":"https:\/\/elinformante.mx\/index.php?rest_route=%2Fwp%2Fv2%2Ftags&post=103673"}],"curies":[{"name":"wp","href":"https:\/\/api.w.org\/{rel}","templated":true}]}}