{"id":103681,"date":"2026-04-22T05:40:57","date_gmt":"2026-04-22T11:40:57","guid":{"rendered":"https:\/\/elinformante.mx\/?p=103681"},"modified":"2026-04-22T05:41:16","modified_gmt":"2026-04-22T11:41:16","slug":"uaemex-y-empresarios-de-italia-fortalecen-cooperacion-bilateral-paty-zarza","status":"publish","type":"post","link":"https:\/\/elinformante.mx\/?p=103681","title":{"rendered":"UAEM\u00e9x y empresarios de Italia fortalecen cooperaci\u00f3n bilateral: Paty Zarza"},"content":{"rendered":"\n<figure class=\"wp-block-pullquote\"><blockquote><p>M\u00e1s de 300 representantes fortalecen v\u00ednculos entre academia, industria y gobierno<\/p><\/blockquote><\/figure>\n\n\n\n<p class=\"has-drop-cap\">La Universidad Aut\u00f3noma del Estado de M\u00e9xico (UAEM\u00e9x) se consolid\u00f3 como un punto clave de vinculaci\u00f3n internacional al albergar el encuentro \u201cItalia en el Estado de M\u00e9xico\u201d, un evento que reuni\u00f3 a la comunidad empresarial italiana, autoridades acad\u00e9micas y representantes institucionales con el objetivo de fortalecer la cooperaci\u00f3n bilateral y detonar la innovaci\u00f3n tecnol\u00f3gica en la entidad.<br><\/p>\n\n\n\n<p>Desde el Aula Magna \u201cLic. Adolfo L\u00f3pez Mateos\u201d del Edificio de Rector\u00eda, la rectora Martha Patricia Zarza Delgado destac\u00f3 que la relaci\u00f3n entre M\u00e9xico e Italia, con m\u00e1s de 150 a\u00f1os de historia, se ha construido sobre la confianza, el respeto y valores compartidos, permitiendo consolidar alianzas estrat\u00e9gicas en \u00e1mbitos econ\u00f3micos, industriales y educativos.<br><\/p>\n\n\n\n<p>Acompa\u00f1ada por el embajador de Italia en M\u00e9xico, Alessandro Modiano; el presidente de la C\u00e1mara de Comercio Italiana en M\u00e9xico, Lorenzo Vianello, y autoridades estatales, la rectora subray\u00f3 que esta colaboraci\u00f3n ha favorecido el intercambio de conocimiento y el crecimiento econ\u00f3mico en sectores clave.<br><\/p>\n\n\n\n<p>En este contexto, resalt\u00f3 que M\u00e9xico es uno de los principales destinos de exportaci\u00f3n italiana en el sector automotriz en Am\u00e9rica, adem\u00e1s de la creciente presencia de empresas italianas en el pa\u00eds, particularmente en los rubros industrial y tur\u00edstico.<br><\/p>\n\n\n\n<p>Como ejemplo de esta cooperaci\u00f3n, mencion\u00f3 el convenio entre la UAEM\u00e9x y la empresa Stellantis, que permiti\u00f3 la creaci\u00f3n de la Maestr\u00eda en Electrificaci\u00f3n Automotriz, un programa pionero orientado a la profesionalizaci\u00f3n del talento humano y alineado a las nuevas demandas tecnol\u00f3gicas del pa\u00eds.<br><\/p>\n\n\n\n<figure class=\"wp-block-image size-large\"><img fetchpriority=\"high\" decoding=\"async\" width=\"1024\" height=\"506\" src=\"https:\/\/elinformante.mx\/wp-content\/uploads\/2026\/04\/10uaemex-4-1024x506.jpg\" alt=\"\" class=\"wp-image-103685\" srcset=\"https:\/\/elinformante.mx\/wp-content\/uploads\/2026\/04\/10uaemex-4-1024x506.jpg 1024w, https:\/\/elinformante.mx\/wp-content\/uploads\/2026\/04\/10uaemex-4-300x148.jpg 300w, https:\/\/elinformante.mx\/wp-content\/uploads\/2026\/04\/10uaemex-4-768x379.jpg 768w, https:\/\/elinformante.mx\/wp-content\/uploads\/2026\/04\/10uaemex-4.jpg 1140w\" sizes=\"(max-width: 1024px) 100vw, 1024px\" \/><\/figure>\n\n\n\n<p>Asimismo, destac\u00f3 que la m\u00e1xima casa de estudios mexiquense mantiene acuerdos con cinco universidades italianas, los cuales podr\u00edan fortalecerse mediante programas de movilidad acad\u00e9mica como Erasmus+, ampliando as\u00ed las oportunidades de formaci\u00f3n internacional para estudiantes y docentes.<br><\/p>\n\n\n\n<p>Zarza Delgado enfatiz\u00f3 que la UAEM\u00e9x se posiciona como un espacio estrat\u00e9gico para el desarrollo de \u00e1reas como la innovaci\u00f3n industrial, el dise\u00f1o creativo y la econom\u00eda circular, sectores donde Italia cuenta con amplia experiencia y liderazgo global.<br><\/p>\n\n\n\n<p>Por su parte, el embajador Alessandro Modiano inform\u00f3 que el encuentro congrega a m\u00e1s de 300 representantes de los sectores acad\u00e9mico, empresarial e institucional, con el prop\u00f3sito de generar sinergias y fortalecer las relaciones entre ambos pa\u00edses, especialmente en \u00e1reas como la mec\u00e1nica y los procesos industriales.<br><\/p>\n\n\n\n<p>En tanto, Lorenzo Vianello destac\u00f3 que el Estado de M\u00e9xico alberga m\u00e1s de 70 empresas italianas en parques industriales de alto nivel, lo que refleja la confianza y el inter\u00e9s de inversi\u00f3n en la regi\u00f3n.<br><\/p>\n\n\n\n<p>Como parte del programa, se present\u00f3 el proyecto \u201cSydere Hub MX Centro de Investigaci\u00f3n y Dise\u00f1o\u201d, desarrollado en colaboraci\u00f3n con el Polit\u00e9cnico de Tur\u00edn, enfocado en impulsar la investigaci\u00f3n aplicada y el dise\u00f1o industrial.<br><\/p>\n\n\n\n<p>Este encuentro representa un paso importante para consolidar al Estado de M\u00e9xico como un polo de atracci\u00f3n de inversi\u00f3n extranjera, innovaci\u00f3n y desarrollo tecnol\u00f3gico, fortaleciendo la relaci\u00f3n estrat\u00e9gica entre M\u00e9xico e Italia en beneficio del crecimiento econ\u00f3mico y acad\u00e9mico.<\/p>\n","protected":false},"excerpt":{"rendered":"<p>M\u00e1s de 300 representantes fortalecen v\u00ednculos entre academia, industria y gobierno La Universidad Aut\u00f3noma del Estado de M\u00e9xico (UAEM\u00e9x) se consolid\u00f3 como un punto clave de vinculaci\u00f3n internacional al albergar el encuentro \u201cItalia en el Estado de M\u00e9xico\u201d, un evento que reuni\u00f3 a la comunidad empresarial italiana, autoridades acad\u00e9micas y representantes institucionales con el objetivo [&hellip;]<\/p>\n","protected":false},"author":1,"featured_media":103684,"comment_status":"closed","ping_status":"closed","sticky":false,"template":"","format":"standard","meta":{"footnotes":""},"categories":[30,36],"tags":[],"class_list":["post-103681","post","type-post","status-publish","format-standard","has-post-thumbnail","hentry","category-destacado","category-edomex"],"_links":{"self":[{"href":"https:\/\/elinformante.mx\/index.php?rest_route=\/wp\/v2\/posts\/103681","targetHints":{"allow":["GET"]}}],"collection":[{"href":"https:\/\/elinformante.mx\/index.php?rest_route=\/wp\/v2\/posts"}],"about":[{"href":"https:\/\/elinformante.mx\/index.php?rest_route=\/wp\/v2\/types\/post"}],"author":[{"embeddable":true,"href":"https:\/\/elinformante.mx\/index.php?rest_route=\/wp\/v2\/users\/1"}],"replies":[{"embeddable":true,"href":"https:\/\/elinformante.mx\/index.php?rest_route=%2Fwp%2Fv2%2Fcomments&post=103681"}],"version-history":[{"count":0,"href":"https:\/\/elinformante.mx\/index.php?rest_route=\/wp\/v2\/posts\/103681\/revisions"}],"wp:featuredmedia":[{"embeddable":true,"href":"https:\/\/elinformante.mx\/index.php?rest_route=\/wp\/v2\/media\/103684"}],"wp:attachment":[{"href":"https:\/\/elinformante.mx\/index.php?rest_route=%2Fwp%2Fv2%2Fmedia&parent=103681"}],"wp:term":[{"taxonomy":"category","embeddable":true,"href":"https:\/\/elinformante.mx\/index.php?rest_route=%2Fwp%2Fv2%2Fcategories&post=103681"},{"taxonomy":"post_tag","embeddable":true,"href":"https:\/\/elinformante.mx\/index.php?rest_route=%2Fwp%2Fv2%2Ftags&post=103681"}],"curies":[{"name":"wp","href":"https:\/\/api.w.org\/{rel}","templated":true}]}}