{"id":103702,"date":"2026-04-22T06:15:03","date_gmt":"2026-04-22T12:15:03","guid":{"rendered":"https:\/\/elinformante.mx\/?p=103702"},"modified":"2026-04-22T06:15:18","modified_gmt":"2026-04-22T12:15:18","slug":"la-patria-se-ama-y-se-defiende-claudia-sheinbaum","status":"publish","type":"post","link":"https:\/\/elinformante.mx\/?p=103702","title":{"rendered":"\u201cLa patria se ama y se defiende\u201d: Claudia Sheinbaum"},"content":{"rendered":"\n<figure class=\"wp-block-pullquote\"><blockquote><p>Encabeza la Jura de Bandera de 419 cadetes y llama a servir con lealtad, disciplina y vocaci\u00f3n al pueblo de M\u00e9xico<\/p><\/blockquote><\/figure>\n\n\n\n<p class=\"has-drop-cap\">En el marco del 112 aniversario de la Defensa del Puerto de Veracruz, la presidenta Claudia Sheinbaum Pardo afirm\u00f3 que el amor al pueblo y a la patria siempre vencer\u00e1 al entreguismo y a la ambici\u00f3n, al encabezar la Ceremonia de Jura de Bandera de 419 cadetes de la Heroica Escuela Naval Militar y del Centro de Estudios Navales en Ciencias de la Salud.<br><\/p>\n\n\n\n<p>Desde el Campo de Honor, la Comandanta Suprema de las Fuerzas Armadas llam\u00f3 a las y los futuros marinos a conducirse con lealtad, honestidad y profundo compromiso social, al subrayar que M\u00e9xico requiere hombres y mujeres valientes, con principios y vocaci\u00f3n de servicio.<br><\/p>\n\n\n\n<p>\u201cQue el amor a la patria y al pr\u00f3jimo sea la luz que gu\u00ede cada uno de sus pasos. No olvidemos que la patria se ama y se defiende\u201d, expres\u00f3.<br><\/p>\n\n\n\n<p>Durante su mensaje, destac\u00f3 que servir a M\u00e9xico implica servir a los dem\u00e1s, a la historia y al futuro del pa\u00eds, por lo que enfatiz\u00f3 la importancia de actuar con sensibilidad, disciplina y entrega, especialmente hacia quienes m\u00e1s lo necesitan.<br><\/p>\n\n\n\n<figure class=\"wp-block-image size-large\"><img fetchpriority=\"high\" decoding=\"async\" width=\"1024\" height=\"506\" src=\"https:\/\/elinformante.mx\/wp-content\/uploads\/2026\/04\/3claudia-2-1024x506.jpg\" alt=\"\" class=\"wp-image-103706\" srcset=\"https:\/\/elinformante.mx\/wp-content\/uploads\/2026\/04\/3claudia-2-1024x506.jpg 1024w, https:\/\/elinformante.mx\/wp-content\/uploads\/2026\/04\/3claudia-2-300x148.jpg 300w, https:\/\/elinformante.mx\/wp-content\/uploads\/2026\/04\/3claudia-2-768x379.jpg 768w, https:\/\/elinformante.mx\/wp-content\/uploads\/2026\/04\/3claudia-2.jpg 1140w\" sizes=\"(max-width: 1024px) 100vw, 1024px\" \/><\/figure>\n\n\n\n<p>Asimismo, record\u00f3 que la Armada de M\u00e9xico es una instituci\u00f3n al servicio del pueblo, encargada de proteger la soberan\u00eda nacional, resguardar los mares y costas, as\u00ed como auxiliar a la poblaci\u00f3n en situaciones de emergencia.<br><\/p>\n\n\n\n<p>En la ceremonia, tambi\u00e9n se rindi\u00f3 homenaje a los h\u00e9roes que defendieron la naci\u00f3n en 1914 y 1847, con el pase de lista, toque de silencio y salva de fusiler\u00eda.<br><\/p>\n\n\n\n<p>Por su parte, el titular de la Secretar\u00eda de Marina, Raymundo Pedro Morales \u00c1ngeles, inform\u00f3 que de los 419 cadetes que juraron bandera, 179 son mujeres y 240 hombres, quienes refrendaron su compromiso con la soberan\u00eda, la seguridad y el bienestar del pueblo de M\u00e9xico.<br><\/p>\n\n\n\n<p>\u201cServir no es una consigna, es una convicci\u00f3n que se construye todos los d\u00edas con honor, deber y patriotismo\u201d, afirm\u00f3.<br><\/p>\n\n\n\n<p>En representaci\u00f3n de la generaci\u00f3n, la cadete Alison Vel\u00e1zquez Reyes agradeci\u00f3 la presencia de la titular del Ejecutivo federal, al se\u00f1alar que constituye un impulso para continuar su formaci\u00f3n bajo los principios de lealtad, honor y entrega al pa\u00eds.<\/p>\n","protected":false},"excerpt":{"rendered":"<p>Encabeza la Jura de Bandera de 419 cadetes y llama a servir con lealtad, disciplina y vocaci\u00f3n al pueblo de M\u00e9xico En el marco del 112 aniversario de la Defensa del Puerto de Veracruz, la presidenta Claudia Sheinbaum Pardo afirm\u00f3 que el amor al pueblo y a la patria siempre vencer\u00e1 al entreguismo y a [&hellip;]<\/p>\n","protected":false},"author":1,"featured_media":103705,"comment_status":"closed","ping_status":"closed","sticky":false,"template":"","format":"standard","meta":{"footnotes":""},"categories":[34],"tags":[],"class_list":["post-103702","post","type-post","status-publish","format-standard","has-post-thumbnail","hentry","category-nacional"],"_links":{"self":[{"href":"https:\/\/elinformante.mx\/index.php?rest_route=\/wp\/v2\/posts\/103702","targetHints":{"allow":["GET"]}}],"collection":[{"href":"https:\/\/elinformante.mx\/index.php?rest_route=\/wp\/v2\/posts"}],"about":[{"href":"https:\/\/elinformante.mx\/index.php?rest_route=\/wp\/v2\/types\/post"}],"author":[{"embeddable":true,"href":"https:\/\/elinformante.mx\/index.php?rest_route=\/wp\/v2\/users\/1"}],"replies":[{"embeddable":true,"href":"https:\/\/elinformante.mx\/index.php?rest_route=%2Fwp%2Fv2%2Fcomments&post=103702"}],"version-history":[{"count":0,"href":"https:\/\/elinformante.mx\/index.php?rest_route=\/wp\/v2\/posts\/103702\/revisions"}],"wp:featuredmedia":[{"embeddable":true,"href":"https:\/\/elinformante.mx\/index.php?rest_route=\/wp\/v2\/media\/103705"}],"wp:attachment":[{"href":"https:\/\/elinformante.mx\/index.php?rest_route=%2Fwp%2Fv2%2Fmedia&parent=103702"}],"wp:term":[{"taxonomy":"category","embeddable":true,"href":"https:\/\/elinformante.mx\/index.php?rest_route=%2Fwp%2Fv2%2Fcategories&post=103702"},{"taxonomy":"post_tag","embeddable":true,"href":"https:\/\/elinformante.mx\/index.php?rest_route=%2Fwp%2Fv2%2Ftags&post=103702"}],"curies":[{"name":"wp","href":"https:\/\/api.w.org\/{rel}","templated":true}]}}