{"id":103732,"date":"2026-04-22T15:45:21","date_gmt":"2026-04-22T21:45:21","guid":{"rendered":"https:\/\/elinformante.mx\/?p=103732"},"modified":"2026-04-22T15:45:23","modified_gmt":"2026-04-22T21:45:23","slug":"alan-medina-manda-mensaje-tras-grave-lesion-y-motiva-a-la-aficion-de-pumas","status":"publish","type":"post","link":"https:\/\/elinformante.mx\/?p=103732","title":{"rendered":"Alan Medina manda mensaje tras grave lesi\u00f3n y motiva a la afici\u00f3n de Pumas"},"content":{"rendered":"\n<p>El futbolista de Pumas UNAM, Alan Medina, rompi\u00f3 el silencio tras sufrir una fuerte lesi\u00f3n que lo dejar\u00e1 fuera de la Liguilla del Clausura 2026, enviando un mensaje que ha generado esperanza entre la afici\u00f3n universitaria.<\/p>\n\n\n\n<p>El incidente ocurri\u00f3 durante el partido ante FC Ju\u00e1rez, donde el jugador sufri\u00f3 una fractura de tobillo izquierdo, una lesi\u00f3n que lo obligar\u00e1 a alejarse de las canchas en un momento clave del torneo, justo cuando el equipo busca pelear por el t\u00edtulo.<\/p>\n\n\n\n<p>A trav\u00e9s de sus redes sociales, Medina comparti\u00f3 un emotivo mensaje en el que expres\u00f3 su determinaci\u00f3n por recuperarse, asegurando que se levantar\u00e1 una vez m\u00e1s y confiando en que su equipo luchar\u00e1 por alcanzar los objetivos en la fase final del campeonato.<\/p>\n\n\n\n<figure class=\"wp-block-embed aligncenter is-type-rich is-provider-twitter wp-block-embed-twitter\"><div class=\"wp-block-embed__wrapper\">\n<blockquote class=\"twitter-tweet\" data-width=\"550\" data-dnt=\"true\"><p lang=\"es\" dir=\"ltr\">\u00a1Estamos contigo, Alan! \ud83d\udc3e\ud83d\udc4a<br><br>En esta familia nadie camina solo. Hoy mandamos toda nuestra fuerza y energ\u00eda a Alan Medina. Sabemos de tu garra, de tu profesionalismo y de la resiliencia que te caracteriza; estamos seguros de que volver\u00e1s m\u00e1s fuerte que nunca a defender estos\u2026 <a href=\"https:\/\/t.co\/KVvtUWkMZ7\">pic.twitter.com\/KVvtUWkMZ7<\/a><\/p>&mdash; PUMAS (@PumasMX) <a href=\"https:\/\/twitter.com\/PumasMX\/status\/2046843053671903284?ref_src=twsrc%5Etfw\">April 22, 2026<\/a><\/blockquote><script async src=\"https:\/\/platform.twitter.com\/widgets.js\" charset=\"utf-8\"><\/script>\n<\/div><\/figure>\n\n\n\n<p>El jugador tambi\u00e9n agradeci\u00f3 el apoyo recibido por parte de aficionados, compa\u00f1eros y el club, destacando la uni\u00f3n del grupo en momentos dif\u00edciles, lo que refuerza el esp\u00edritu competitivo del conjunto universitario.<\/p>\n\n\n\n<p>Por su parte, Pumas respondi\u00f3 con un mensaje de respaldo, subrayando que Medina es un elemento clave dentro del equipo y reconociendo su entrega, profesionalismo y resiliencia, cualidades que esperan ver nuevamente cuando regrese a la actividad.<\/p>\n\n\n\n<p>La baja del futbolista representa un reto importante para el equipo en la recta final del torneo, aunque su mensaje ha servido como motivaci\u00f3n para una afici\u00f3n que mantiene viva la ilusi\u00f3n de conseguir el campeonato.<\/p>\n","protected":false},"excerpt":{"rendered":"<p>El futbolista de Pumas UNAM, Alan Medina, rompi\u00f3 el silencio tras sufrir una fuerte lesi\u00f3n que lo dejar\u00e1 fuera de la Liguilla del Clausura 2026, enviando un mensaje que ha generado esperanza entre la afici\u00f3n universitaria. El incidente ocurri\u00f3 durante el partido ante FC Ju\u00e1rez, donde el jugador sufri\u00f3 una fractura de tobillo izquierdo, una [&hellip;]<\/p>\n","protected":false},"author":2,"featured_media":103737,"comment_status":"closed","ping_status":"closed","sticky":false,"template":"","format":"standard","meta":{"footnotes":""},"categories":[38],"tags":[1016,1014,286,1013,413,1015,282,1011,285,1012],"class_list":["post-103732","post","type-post","status-publish","format-standard","has-post-thumbnail","hentry","category-deportes","tag-aficion","tag-alan-medina","tag-clausura-2026","tag-fc-juarez","tag-futbol-mexicano-2","tag-lesion","tag-liga-mx","tag-liguilla","tag-pumas-unam","tag-recuperacion"],"_links":{"self":[{"href":"https:\/\/elinformante.mx\/index.php?rest_route=\/wp\/v2\/posts\/103732","targetHints":{"allow":["GET"]}}],"collection":[{"href":"https:\/\/elinformante.mx\/index.php?rest_route=\/wp\/v2\/posts"}],"about":[{"href":"https:\/\/elinformante.mx\/index.php?rest_route=\/wp\/v2\/types\/post"}],"author":[{"embeddable":true,"href":"https:\/\/elinformante.mx\/index.php?rest_route=\/wp\/v2\/users\/2"}],"replies":[{"embeddable":true,"href":"https:\/\/elinformante.mx\/index.php?rest_route=%2Fwp%2Fv2%2Fcomments&post=103732"}],"version-history":[{"count":0,"href":"https:\/\/elinformante.mx\/index.php?rest_route=\/wp\/v2\/posts\/103732\/revisions"}],"wp:featuredmedia":[{"embeddable":true,"href":"https:\/\/elinformante.mx\/index.php?rest_route=\/wp\/v2\/media\/103737"}],"wp:attachment":[{"href":"https:\/\/elinformante.mx\/index.php?rest_route=%2Fwp%2Fv2%2Fmedia&parent=103732"}],"wp:term":[{"taxonomy":"category","embeddable":true,"href":"https:\/\/elinformante.mx\/index.php?rest_route=%2Fwp%2Fv2%2Fcategories&post=103732"},{"taxonomy":"post_tag","embeddable":true,"href":"https:\/\/elinformante.mx\/index.php?rest_route=%2Fwp%2Fv2%2Ftags&post=103732"}],"curies":[{"name":"wp","href":"https:\/\/api.w.org\/{rel}","templated":true}]}}