{"id":103738,"date":"2026-04-22T16:21:55","date_gmt":"2026-04-22T22:21:55","guid":{"rendered":"https:\/\/elinformante.mx\/?p=103738"},"modified":"2026-04-22T16:21:58","modified_gmt":"2026-04-22T22:21:58","slug":"directiva-define-el-futuro-de-larcamon-tras-crisis-de-resultados","status":"publish","type":"post","link":"https:\/\/elinformante.mx\/?p=103738","title":{"rendered":"Directiva define el futuro de Larcam\u00f3n tras crisis de resultados"},"content":{"rendered":"\n<p>La directiva de Cruz Azul activ\u00f3 una reuni\u00f3n de emergencia para analizar la continuidad del t\u00e9cnico Nicol\u00e1s Larcam\u00f3n, luego de una racha negativa que ha encendido las alarmas en el cierre del Clausura 2026.<\/p>\n\n\n\n<p>El empate reciente ante Quer\u00e9taro no solo prolong\u00f3 la falta de victorias, sino que evidenci\u00f3 el momento cr\u00edtico que atraviesa el equipo. Con nueve partidos sin ganar entre liga y torneos internacionales, la presi\u00f3n ha escalado en todos los niveles del club.<\/p>\n\n\n\n<figure class=\"wp-block-embed aligncenter is-type-rich is-provider-twitter wp-block-embed-twitter\"><div class=\"wp-block-embed__wrapper\">\n<blockquote class=\"twitter-tweet\" data-width=\"550\" data-dnt=\"true\"><p lang=\"es\" dir=\"ltr\">Termina el encuentro. <a href=\"https:\/\/t.co\/g9zkO5QC4C\">pic.twitter.com\/g9zkO5QC4C<\/a><\/p>&mdash; CRUZ AZUL (@CruzAzul) <a href=\"https:\/\/twitter.com\/CruzAzul\/status\/2046786666417795384?ref_src=twsrc%5Etfw\">April 22, 2026<\/a><\/blockquote><script async src=\"https:\/\/platform.twitter.com\/widgets.js\" charset=\"utf-8\"><\/script>\n<\/div><\/figure>\n\n\n\n<p>Las declaraciones de Larcam\u00f3n tras el encuentro, donde se\u00f1al\u00f3 factores log\u00edsticos como los traslados, no fueron bien recibidas por la dirigencia, que considera que el mensaje no fue adecuado en medio de la crisis deportiva.<\/p>\n\n\n\n<p>En este contexto, el presidente del club, V\u00edctor Vel\u00e1zquez, sostuvo una reuni\u00f3n con el director deportivo Iv\u00e1n Alonso para evaluar el futuro inmediato del proyecto, incluyendo el respaldo o posible salida del cuerpo t\u00e9cnico.<\/p>\n\n\n\n<p>El mal momento tambi\u00e9n ha generado incomodidad dentro del vestidor, donde algunos referentes han manifestado inconformidad con decisiones recientes, lo que complica a\u00fan m\u00e1s la situaci\u00f3n del entrenador.<\/p>\n\n\n\n<p>Como reflejo de la tensi\u00f3n, el club suspendi\u00f3 el entrenamiento programado, priorizando la toma de decisiones antes de retomar la actividad deportiva. Esta medida subraya la urgencia del momento.<\/p>\n\n\n\n<p>En caso de un cambio en el banquillo, la directiva ya tendr\u00eda un plan alterno, con Joel Huiqui como opci\u00f3n interina, acompa\u00f1ado por Marco Calvillo, para cerrar el torneo.<\/p>\n\n\n\n<p>La decisi\u00f3n final ser\u00e1 determinante para el rumbo de Cruz Azul en la recta final del campeonato, en un escenario donde ya no hay margen para errores.<\/p>\n","protected":false},"excerpt":{"rendered":"<p>La directiva de Cruz Azul activ\u00f3 una reuni\u00f3n de emergencia para analizar la continuidad del t\u00e9cnico Nicol\u00e1s Larcam\u00f3n, luego de una racha negativa que ha encendido las alarmas en el cierre del Clausura 2026. El empate reciente ante Quer\u00e9taro no solo prolong\u00f3 la falta de victorias, sino que evidenci\u00f3 el momento cr\u00edtico que atraviesa el [&hellip;]<\/p>\n","protected":false},"author":2,"featured_media":103739,"comment_status":"closed","ping_status":"closed","sticky":false,"template":"","format":"standard","meta":{"footnotes":""},"categories":[38],"tags":[286,867,442,1020,413,1019,282,1011,1017,1018],"class_list":["post-103738","post","type-post","status-publish","format-standard","has-post-thumbnail","hentry","category-deportes","tag-clausura-2026","tag-crisis-deportiva","tag-cruz-azul","tag-entrenadores","tag-futbol-mexicano-2","tag-ivan-alonso","tag-liga-mx","tag-liguilla","tag-nicolas-larcamon","tag-victor-velazquez"],"_links":{"self":[{"href":"https:\/\/elinformante.mx\/index.php?rest_route=\/wp\/v2\/posts\/103738","targetHints":{"allow":["GET"]}}],"collection":[{"href":"https:\/\/elinformante.mx\/index.php?rest_route=\/wp\/v2\/posts"}],"about":[{"href":"https:\/\/elinformante.mx\/index.php?rest_route=\/wp\/v2\/types\/post"}],"author":[{"embeddable":true,"href":"https:\/\/elinformante.mx\/index.php?rest_route=\/wp\/v2\/users\/2"}],"replies":[{"embeddable":true,"href":"https:\/\/elinformante.mx\/index.php?rest_route=%2Fwp%2Fv2%2Fcomments&post=103738"}],"version-history":[{"count":0,"href":"https:\/\/elinformante.mx\/index.php?rest_route=\/wp\/v2\/posts\/103738\/revisions"}],"wp:featuredmedia":[{"embeddable":true,"href":"https:\/\/elinformante.mx\/index.php?rest_route=\/wp\/v2\/media\/103739"}],"wp:attachment":[{"href":"https:\/\/elinformante.mx\/index.php?rest_route=%2Fwp%2Fv2%2Fmedia&parent=103738"}],"wp:term":[{"taxonomy":"category","embeddable":true,"href":"https:\/\/elinformante.mx\/index.php?rest_route=%2Fwp%2Fv2%2Fcategories&post=103738"},{"taxonomy":"post_tag","embeddable":true,"href":"https:\/\/elinformante.mx\/index.php?rest_route=%2Fwp%2Fv2%2Ftags&post=103738"}],"curies":[{"name":"wp","href":"https:\/\/api.w.org\/{rel}","templated":true}]}}