{"id":103740,"date":"2026-04-22T16:32:17","date_gmt":"2026-04-22T22:32:17","guid":{"rendered":"https:\/\/elinformante.mx\/?p=103740"},"modified":"2026-04-22T16:32:24","modified_gmt":"2026-04-22T22:32:24","slug":"cruz-azul-deja-fuera-a-larcamon-a-una-jornada-del-cierre-del-clausura-2026","status":"publish","type":"post","link":"https:\/\/elinformante.mx\/?p=103740","title":{"rendered":"CRUZ AZUL DEJA FUERA A LARCAM\u00d3N A UNA JORNADA DEL CIERRE DEL CLAUSURA 2026"},"content":{"rendered":"\n<p>El Cruz Azul hizo oficial la salida de Nicol\u00e1s Larcam\u00f3n como director t\u00e9cnico, en una decisi\u00f3n que sacude al club a solo una fecha de finalizar la fase regular del Clausura 2026 de la Liga MX.<\/p>\n\n\n\n<p>El estratega argentino, quien lleg\u00f3 al banquillo celeste en junio de 2025, deja el cargo tras una racha negativa que termin\u00f3 por agotar la paciencia de la directiva encabezada por V\u00edctor Vel\u00e1zquez e Iv\u00e1n Alonso. La M\u00e1quina acumul\u00f3 nueve partidos consecutivos sin victoria, situaci\u00f3n que encendi\u00f3 las alarmas en el cierre del torneo.<\/p>\n\n\n\n<figure class=\"wp-block-embed aligncenter is-type-rich is-provider-twitter wp-block-embed-twitter\"><div class=\"wp-block-embed__wrapper\">\n<blockquote class=\"twitter-tweet\" data-width=\"550\" data-dnt=\"true\"><p lang=\"es\" dir=\"ltr\">Termina el encuentro. <a href=\"https:\/\/t.co\/g9zkO5QC4C\">pic.twitter.com\/g9zkO5QC4C<\/a><\/p>&mdash; CRUZ AZUL (@CruzAzul) <a href=\"https:\/\/twitter.com\/CruzAzul\/status\/2046786666417795384?ref_src=twsrc%5Etfw\">April 22, 2026<\/a><\/blockquote><script async src=\"https:\/\/platform.twitter.com\/widgets.js\" charset=\"utf-8\"><\/script>\n<\/div><\/figure>\n\n\n\n<p>El empate 1-1 frente a Quer\u00e9taro fue el punto de quiebre que deton\u00f3 la decisi\u00f3n. M\u00e1s all\u00e1 de los n\u00fameros generales, los tropiezos en torneos como la Concachampions y otras competencias internacionales pesaron en el an\u00e1lisis final del proyecto.<\/p>\n\n\n\n<p>A nivel interno, tambi\u00e9n se report\u00f3 malestar tanto en la directiva como en el vestidor, donde algunos referentes habr\u00edan manifestado inconformidad con el manejo del equipo en momentos clave, complicando la continuidad del t\u00e9cnico.<\/p>\n\n\n\n<p>De cara a la Liguilla, el club apostar\u00e1 por una soluci\u00f3n interna, con Joel Huiqui y Marco Calvillo como t\u00e9cnicos interinos, buscando estabilidad en la fase definitiva del campeonato.<\/p>\n\n\n\n<p>Cruz Azul se mantiene en la cuarta posici\u00f3n de la tabla con 30 puntos y cerrar\u00e1 la fase regular enfrentando a Necaxa, en un duelo clave para definir su camino rumbo a la lucha por el t\u00edtulo.<\/p>\n","protected":false},"excerpt":{"rendered":"<p>El Cruz Azul hizo oficial la salida de Nicol\u00e1s Larcam\u00f3n como director t\u00e9cnico, en una decisi\u00f3n que sacude al club a solo una fecha de finalizar la fase regular del Clausura 2026 de la Liga MX. El estratega argentino, quien lleg\u00f3 al banquillo celeste en junio de 2025, deja el cargo tras una racha negativa [&hellip;]<\/p>\n","protected":false},"author":2,"featured_media":103741,"comment_status":"closed","ping_status":"closed","sticky":false,"template":"","format":"standard","meta":{"footnotes":""},"categories":[38,34],"tags":[286,867,442,1022,413,1021,282,1011,869,1017],"class_list":["post-103740","post","type-post","status-publish","format-standard","has-post-thumbnail","hentry","category-deportes","category-nacional","tag-clausura-2026","tag-crisis-deportiva","tag-cruz-azul","tag-despido-entrenador","tag-futbol-mexicano-2","tag-joel-huiqui","tag-liga-mx","tag-liguilla","tag-necaxa","tag-nicolas-larcamon"],"_links":{"self":[{"href":"https:\/\/elinformante.mx\/index.php?rest_route=\/wp\/v2\/posts\/103740","targetHints":{"allow":["GET"]}}],"collection":[{"href":"https:\/\/elinformante.mx\/index.php?rest_route=\/wp\/v2\/posts"}],"about":[{"href":"https:\/\/elinformante.mx\/index.php?rest_route=\/wp\/v2\/types\/post"}],"author":[{"embeddable":true,"href":"https:\/\/elinformante.mx\/index.php?rest_route=\/wp\/v2\/users\/2"}],"replies":[{"embeddable":true,"href":"https:\/\/elinformante.mx\/index.php?rest_route=%2Fwp%2Fv2%2Fcomments&post=103740"}],"version-history":[{"count":0,"href":"https:\/\/elinformante.mx\/index.php?rest_route=\/wp\/v2\/posts\/103740\/revisions"}],"wp:featuredmedia":[{"embeddable":true,"href":"https:\/\/elinformante.mx\/index.php?rest_route=\/wp\/v2\/media\/103741"}],"wp:attachment":[{"href":"https:\/\/elinformante.mx\/index.php?rest_route=%2Fwp%2Fv2%2Fmedia&parent=103740"}],"wp:term":[{"taxonomy":"category","embeddable":true,"href":"https:\/\/elinformante.mx\/index.php?rest_route=%2Fwp%2Fv2%2Fcategories&post=103740"},{"taxonomy":"post_tag","embeddable":true,"href":"https:\/\/elinformante.mx\/index.php?rest_route=%2Fwp%2Fv2%2Ftags&post=103740"}],"curies":[{"name":"wp","href":"https:\/\/api.w.org\/{rel}","templated":true}]}}